{"id":4171,"date":"2025-05-12T18:41:08","date_gmt":"2025-05-12T18:41:08","guid":{"rendered":"https:\/\/jpevlogistics.com\/?p=4171"},"modified":"2025-05-12T18:41:11","modified_gmt":"2025-05-12T18:41:11","slug":"drastica-caida-en-las-reservas-de-embarques-en-china-incrementa-cancelaciones-de-itinerarios-en-la-ruta-transpacifico","status":"publish","type":"post","link":"https:\/\/jpevlogistics.com\/en\/drastica-caida-en-las-reservas-de-embarques-en-china-incrementa-cancelaciones-de-itinerarios-en-la-ruta-transpacifico\/","title":{"rendered":"Dr\u00e1stica ca\u00edda en las reservas de embarques en China incrementa cancelaciones de itinerarios en la ruta Transpac\u00edfico"},"content":{"rendered":"<p>12\/05\/2025 &#8211; Aceleraci\u00f3n de la situaci\u00f3n podr\u00eda implicar una baja en las tarifas spot en las pr\u00f3ximas semanas<\/p>\n\n\n\n<p>Durante las \u00faltimas semanas se ha observado un marcado aumento en el n\u00famero de cancelaciones de itinerarios&nbsp;<em>(blank sailings<\/em>) en la ruta Transpac\u00edfica.&nbsp;<em>Sea- Intelligence<\/em>&nbsp;al analizar la capacidad desplegada en abril y la programada para mayo en conjunto, observa que las cancelaciones representan el 19% de la capacidad total planificada entre Asia y la Costa Oeste de Norteam\u00e9rica (NAWC) y el 17% de la capacidad total planificada entre Asia y la Costa Este de Norteam\u00e9rica (NAEC), en esos dos meses.&nbsp;<\/p>\n\n\n\n<figure class=\"wp-block-image size-full\"><img fetchpriority=\"high\" decoding=\"async\" width=\"798\" height=\"598\" src=\"https:\/\/jpevlogistics.com\/wp-content\/uploads\/2025\/05\/caida-de-fletes-china.jpeg\" alt=\"\" class=\"wp-image-4172\" srcset=\"https:\/\/jpevlogistics.com\/wp-content\/uploads\/2025\/05\/caida-de-fletes-china.jpeg 798w, https:\/\/jpevlogistics.com\/wp-content\/uploads\/2025\/05\/caida-de-fletes-china-300x225.jpeg 300w, https:\/\/jpevlogistics.com\/wp-content\/uploads\/2025\/05\/caida-de-fletes-china-768x576.jpeg 768w, https:\/\/jpevlogistics.com\/wp-content\/uploads\/2025\/05\/caida-de-fletes-china-16x12.jpeg 16w\" sizes=\"(max-width: 798px) 100vw, 798px\" \/><\/figure>\n\n\n\n<p>No obstante, la consultora destaca que un alto nivel de&nbsp;<em>blank sailings<\/em>&nbsp;no se traduce autom\u00e1ticamente en una gran reducci\u00f3n interanual de la capacidad, si el nivel de capacidad planificado originalmente, sin cancelaciones, constituy\u00f3 un gran aumento interanual en la capacidad desplegada.<\/p>\n\n\n\n<p>A finales de marzo, justo antes de la nueva guerra comercial, las l\u00edneas navieras planeaban, en conjunto, aumentar la capacidad en la ruta Asia-NAWC en un 17,0% interanual. Actualmente, est\u00e1n reduciendo la capacidad en comparaci\u00f3n con abril y mayo de 2024, en un -4,3% interanual. En el caso de Asia-NAEC, antes de la guerra comercial, planeaban aumentar la capacidad comercial en un 10,9% interanual, pero esto se ha modificado a una reducci\u00f3n interanual de la capacidad del -4,9%.<\/p>\n\n\n\n<p>Seg\u00fan&nbsp;<em>Sea-Intelligence<\/em>&nbsp;esto explica la situaci\u00f3n, aparentemente contradictoria, donde la capacidad no utilizada representa entre el 17% y el 19% de la capacidad total planificada en ambas rutas mar\u00edtima del Transpac\u00edfico, mientras que la reducci\u00f3n interanual de la capacidad es de &#8220;solo&#8221; entre el 4% y el 5%. A finales de marzo, las l\u00edneas navieras hab\u00edan planeado una importante inyecci\u00f3n de capacidad en la ruta, pero la capacidad no utilizada y el despliegue de buques m\u00e1s peque\u00f1os han generado m\u00e1s bien, una reducci\u00f3n de \u00e9sta.<\/p>\n\n\n\n<p>Si bien, los datos sobre el volumen de contenedores para las exportaciones asi\u00e1ticas en abril no estar\u00e1n disponibles hasta principios de junio, las indicaciones de las navieras y de los transitarios sugieren una ca\u00edda de las reservas de embarques en China de entre el -30% y el -50%, mucho mayor que la reducci\u00f3n del 4% al 5% en la capacidad.&nbsp;<\/p>\n\n\n\n<p>La ca\u00edda del volumen en China se ver\u00e1 parcialmente compensada por la demanda en otros puntos de Asia, sin embargo, no parece probable que las ganancias en el resto de Asia compensen la p\u00e9rdida de China. Esto podr\u00eda resultar en a\u00fan m\u00e1s blank sailing en las pr\u00f3ximas semanas y posiblemente provoque una ca\u00edda significativa de las tarifas spot.<\/p>\n\n\n\n<p><strong>jpevlogistics.com<\/strong><\/p>\n\n\n\n<p><\/p>","protected":false},"excerpt":{"rendered":"<p>12\/05\/2025 &#8211; Aceleraci\u00f3n de la situaci\u00f3n podr\u00eda implicar una baja en las tarifas spot en las pr\u00f3ximas semanas Durante las \u00faltimas semanas se ha observado un marcado aumento en el n\u00famero de cancelaciones de itinerarios&nbsp;(blank sailings) en la ruta Transpac\u00edfica.&nbsp;Sea- Intelligence&nbsp;al analizar la capacidad desplegada en abril y la programada para mayo en conjunto, observa [&hellip;]<\/p>\n","protected":false},"author":4,"featured_media":4172,"comment_status":"open","ping_status":"open","sticky":false,"template":"","format":"standard","meta":{"footnotes":""},"categories":[1],"tags":[],"class_list":["post-4171","post","type-post","status-publish","format-standard","has-post-thumbnail","hentry","category-sin-categoria"],"yoast_head":"<!-- This site is optimized with the Yoast SEO plugin v27.4 - https:\/\/yoast.com\/product\/yoast-seo-wordpress\/ -->\n<title>Dr\u00e1stica ca\u00edda en las reservas de embarques en China incrementa cancelaciones de itinerarios en la ruta Transpac\u00edfico - JPEV Logistics<\/title>\n<meta name=\"robots\" content=\"index, follow, max-snippet:-1, max-image-preview:large, max-video-preview:-1\" \/>\n<link rel=\"canonical\" href=\"https:\/\/jpevlogistics.com\/en\/drastica-caida-en-las-reservas-de-embarques-en-china-incrementa-cancelaciones-de-itinerarios-en-la-ruta-transpacifico\/\" \/>\n<meta property=\"og:locale\" content=\"en_US\" \/>\n<meta property=\"og:type\" content=\"article\" \/>\n<meta property=\"og:title\" content=\"Dr\u00e1stica ca\u00edda en las reservas de embarques en China incrementa cancelaciones de itinerarios en la ruta Transpac\u00edfico - JPEV Logistics\" \/>\n<meta property=\"og:description\" content=\"12\/05\/2025 &#8211; Aceleraci\u00f3n de la situaci\u00f3n podr\u00eda implicar una baja en las tarifas spot en las pr\u00f3ximas semanas Durante las \u00faltimas semanas se ha observado un marcado aumento en el n\u00famero de cancelaciones de itinerarios&nbsp;(blank sailings) en la ruta Transpac\u00edfica.&nbsp;Sea- Intelligence&nbsp;al analizar la capacidad desplegada en abril y la programada para mayo en conjunto, observa [&hellip;]\" \/>\n<meta property=\"og:url\" content=\"https:\/\/jpevlogistics.com\/en\/drastica-caida-en-las-reservas-de-embarques-en-china-incrementa-cancelaciones-de-itinerarios-en-la-ruta-transpacifico\/\" \/>\n<meta property=\"og:site_name\" content=\"JPEV Logistics\" \/>\n<meta property=\"article:published_time\" content=\"2025-05-12T18:41:08+00:00\" \/>\n<meta property=\"article:modified_time\" content=\"2025-05-12T18:41:11+00:00\" \/>\n<meta property=\"og:image\" content=\"https:\/\/jpevlogistics.com\/wp-content\/uploads\/2025\/05\/caida-de-fletes-china.jpeg\" \/>\n\t<meta property=\"og:image:width\" content=\"798\" \/>\n\t<meta property=\"og:image:height\" content=\"598\" \/>\n\t<meta property=\"og:image:type\" content=\"image\/jpeg\" \/>\n<meta name=\"author\" content=\"horacio\" \/>\n<meta name=\"twitter:card\" content=\"summary_large_image\" \/>\n<meta name=\"twitter:label1\" content=\"Written by\" \/>\n\t<meta name=\"twitter:data1\" content=\"horacio\" \/>\n\t<meta name=\"twitter:label2\" content=\"Est. reading time\" \/>\n\t<meta name=\"twitter:data2\" content=\"2 minutes\" \/>\n<script type=\"application\/ld+json\" class=\"yoast-schema-graph\">{\"@context\":\"https:\\\/\\\/schema.org\",\"@graph\":[{\"@type\":\"Article\",\"@id\":\"https:\\\/\\\/jpevlogistics.com\\\/drastica-caida-en-las-reservas-de-embarques-en-china-incrementa-cancelaciones-de-itinerarios-en-la-ruta-transpacifico\\\/#article\",\"isPartOf\":{\"@id\":\"https:\\\/\\\/jpevlogistics.com\\\/drastica-caida-en-las-reservas-de-embarques-en-china-incrementa-cancelaciones-de-itinerarios-en-la-ruta-transpacifico\\\/\"},\"author\":{\"name\":\"horacio\",\"@id\":\"https:\\\/\\\/jpevlogistics.com\\\/#\\\/schema\\\/person\\\/5cb83ed90e4ad10651470058bc190e62\"},\"headline\":\"Dr\u00e1stica ca\u00edda en las reservas de embarques en China incrementa cancelaciones de itinerarios en la ruta Transpac\u00edfico\",\"datePublished\":\"2025-05-12T18:41:08+00:00\",\"dateModified\":\"2025-05-12T18:41:11+00:00\",\"mainEntityOfPage\":{\"@id\":\"https:\\\/\\\/jpevlogistics.com\\\/drastica-caida-en-las-reservas-de-embarques-en-china-incrementa-cancelaciones-de-itinerarios-en-la-ruta-transpacifico\\\/\"},\"wordCount\":478,\"commentCount\":0,\"publisher\":{\"@id\":\"https:\\\/\\\/jpevlogistics.com\\\/#organization\"},\"image\":{\"@id\":\"https:\\\/\\\/jpevlogistics.com\\\/drastica-caida-en-las-reservas-de-embarques-en-china-incrementa-cancelaciones-de-itinerarios-en-la-ruta-transpacifico\\\/#primaryimage\"},\"thumbnailUrl\":\"https:\\\/\\\/jpevlogistics.com\\\/wp-content\\\/uploads\\\/2025\\\/05\\\/caida-de-fletes-china.jpeg\",\"articleSection\":[\"Sin categor\u00eda\"],\"inLanguage\":\"en-US\",\"potentialAction\":[{\"@type\":\"CommentAction\",\"name\":\"Comment\",\"target\":[\"https:\\\/\\\/jpevlogistics.com\\\/drastica-caida-en-las-reservas-de-embarques-en-china-incrementa-cancelaciones-de-itinerarios-en-la-ruta-transpacifico\\\/#respond\"]}]},{\"@type\":\"WebPage\",\"@id\":\"https:\\\/\\\/jpevlogistics.com\\\/drastica-caida-en-las-reservas-de-embarques-en-china-incrementa-cancelaciones-de-itinerarios-en-la-ruta-transpacifico\\\/\",\"url\":\"https:\\\/\\\/jpevlogistics.com\\\/drastica-caida-en-las-reservas-de-embarques-en-china-incrementa-cancelaciones-de-itinerarios-en-la-ruta-transpacifico\\\/\",\"name\":\"Dr\u00e1stica ca\u00edda en las reservas de embarques en China incrementa cancelaciones de itinerarios en la ruta Transpac\u00edfico - JPEV Logistics\",\"isPartOf\":{\"@id\":\"https:\\\/\\\/jpevlogistics.com\\\/#website\"},\"primaryImageOfPage\":{\"@id\":\"https:\\\/\\\/jpevlogistics.com\\\/drastica-caida-en-las-reservas-de-embarques-en-china-incrementa-cancelaciones-de-itinerarios-en-la-ruta-transpacifico\\\/#primaryimage\"},\"image\":{\"@id\":\"https:\\\/\\\/jpevlogistics.com\\\/drastica-caida-en-las-reservas-de-embarques-en-china-incrementa-cancelaciones-de-itinerarios-en-la-ruta-transpacifico\\\/#primaryimage\"},\"thumbnailUrl\":\"https:\\\/\\\/jpevlogistics.com\\\/wp-content\\\/uploads\\\/2025\\\/05\\\/caida-de-fletes-china.jpeg\",\"datePublished\":\"2025-05-12T18:41:08+00:00\",\"dateModified\":\"2025-05-12T18:41:11+00:00\",\"breadcrumb\":{\"@id\":\"https:\\\/\\\/jpevlogistics.com\\\/drastica-caida-en-las-reservas-de-embarques-en-china-incrementa-cancelaciones-de-itinerarios-en-la-ruta-transpacifico\\\/#breadcrumb\"},\"inLanguage\":\"en-US\",\"potentialAction\":[{\"@type\":\"ReadAction\",\"target\":[\"https:\\\/\\\/jpevlogistics.com\\\/drastica-caida-en-las-reservas-de-embarques-en-china-incrementa-cancelaciones-de-itinerarios-en-la-ruta-transpacifico\\\/\"]}]},{\"@type\":\"ImageObject\",\"inLanguage\":\"en-US\",\"@id\":\"https:\\\/\\\/jpevlogistics.com\\\/drastica-caida-en-las-reservas-de-embarques-en-china-incrementa-cancelaciones-de-itinerarios-en-la-ruta-transpacifico\\\/#primaryimage\",\"url\":\"https:\\\/\\\/jpevlogistics.com\\\/wp-content\\\/uploads\\\/2025\\\/05\\\/caida-de-fletes-china.jpeg\",\"contentUrl\":\"https:\\\/\\\/jpevlogistics.com\\\/wp-content\\\/uploads\\\/2025\\\/05\\\/caida-de-fletes-china.jpeg\",\"width\":798,\"height\":598},{\"@type\":\"BreadcrumbList\",\"@id\":\"https:\\\/\\\/jpevlogistics.com\\\/drastica-caida-en-las-reservas-de-embarques-en-china-incrementa-cancelaciones-de-itinerarios-en-la-ruta-transpacifico\\\/#breadcrumb\",\"itemListElement\":[{\"@type\":\"ListItem\",\"position\":1,\"name\":\"Portada\",\"item\":\"https:\\\/\\\/jpevlogistics.com\\\/\"},{\"@type\":\"ListItem\",\"position\":2,\"name\":\"Dr\u00e1stica ca\u00edda en las reservas de embarques en China incrementa cancelaciones de itinerarios en la ruta Transpac\u00edfico\"}]},{\"@type\":\"WebSite\",\"@id\":\"https:\\\/\\\/jpevlogistics.com\\\/#website\",\"url\":\"https:\\\/\\\/jpevlogistics.com\\\/\",\"name\":\"JPEV Logistics\",\"description\":\"\",\"publisher\":{\"@id\":\"https:\\\/\\\/jpevlogistics.com\\\/#organization\"},\"potentialAction\":[{\"@type\":\"SearchAction\",\"target\":{\"@type\":\"EntryPoint\",\"urlTemplate\":\"https:\\\/\\\/jpevlogistics.com\\\/?s={search_term_string}\"},\"query-input\":{\"@type\":\"PropertyValueSpecification\",\"valueRequired\":true,\"valueName\":\"search_term_string\"}}],\"inLanguage\":\"en-US\"},{\"@type\":\"Organization\",\"@id\":\"https:\\\/\\\/jpevlogistics.com\\\/#organization\",\"name\":\"JPEV Logistics\",\"url\":\"https:\\\/\\\/jpevlogistics.com\\\/\",\"logo\":{\"@type\":\"ImageObject\",\"inLanguage\":\"en-US\",\"@id\":\"https:\\\/\\\/jpevlogistics.com\\\/#\\\/schema\\\/logo\\\/image\\\/\",\"url\":\"https:\\\/\\\/jpevlogistics.com\\\/wp-content\\\/uploads\\\/2020\\\/07\\\/logo.png\",\"contentUrl\":\"https:\\\/\\\/jpevlogistics.com\\\/wp-content\\\/uploads\\\/2020\\\/07\\\/logo.png\",\"width\":214,\"height\":81,\"caption\":\"JPEV Logistics\"},\"image\":{\"@id\":\"https:\\\/\\\/jpevlogistics.com\\\/#\\\/schema\\\/logo\\\/image\\\/\"},\"sameAs\":[\"https:\\\/\\\/www.instagram.com\\\/jpevlogistics\\\/\",\"https:\\\/\\\/www.linkedin.com\\\/company\\\/jpev-logistics\\\/\"]},{\"@type\":\"Person\",\"@id\":\"https:\\\/\\\/jpevlogistics.com\\\/#\\\/schema\\\/person\\\/5cb83ed90e4ad10651470058bc190e62\",\"name\":\"horacio\",\"image\":{\"@type\":\"ImageObject\",\"inLanguage\":\"en-US\",\"@id\":\"https:\\\/\\\/secure.gravatar.com\\\/avatar\\\/49ba85a39487c51406dba7224109c3b2296f15c3dd1931dd024e3f540b12ea7d?s=96&d=mm&r=g\",\"url\":\"https:\\\/\\\/secure.gravatar.com\\\/avatar\\\/49ba85a39487c51406dba7224109c3b2296f15c3dd1931dd024e3f540b12ea7d?s=96&d=mm&r=g\",\"contentUrl\":\"https:\\\/\\\/secure.gravatar.com\\\/avatar\\\/49ba85a39487c51406dba7224109c3b2296f15c3dd1931dd024e3f540b12ea7d?s=96&d=mm&r=g\",\"caption\":\"horacio\"},\"url\":\"https:\\\/\\\/jpevlogistics.com\\\/en\\\/author\\\/horacio\\\/\"}]}<\/script>\n<!-- \/ Yoast SEO plugin. -->","yoast_head_json":{"title":"Dr\u00e1stica ca\u00edda en las reservas de embarques en China incrementa cancelaciones de itinerarios en la ruta Transpac\u00edfico - JPEV Logistics","robots":{"index":"index","follow":"follow","max-snippet":"max-snippet:-1","max-image-preview":"max-image-preview:large","max-video-preview":"max-video-preview:-1"},"canonical":"https:\/\/jpevlogistics.com\/en\/drastica-caida-en-las-reservas-de-embarques-en-china-incrementa-cancelaciones-de-itinerarios-en-la-ruta-transpacifico\/","og_locale":"en_US","og_type":"article","og_title":"Dr\u00e1stica ca\u00edda en las reservas de embarques en China incrementa cancelaciones de itinerarios en la ruta Transpac\u00edfico - JPEV Logistics","og_description":"12\/05\/2025 &#8211; Aceleraci\u00f3n de la situaci\u00f3n podr\u00eda implicar una baja en las tarifas spot en las pr\u00f3ximas semanas Durante las \u00faltimas semanas se ha observado un marcado aumento en el n\u00famero de cancelaciones de itinerarios&nbsp;(blank sailings) en la ruta Transpac\u00edfica.&nbsp;Sea- Intelligence&nbsp;al analizar la capacidad desplegada en abril y la programada para mayo en conjunto, observa [&hellip;]","og_url":"https:\/\/jpevlogistics.com\/en\/drastica-caida-en-las-reservas-de-embarques-en-china-incrementa-cancelaciones-de-itinerarios-en-la-ruta-transpacifico\/","og_site_name":"JPEV Logistics","article_published_time":"2025-05-12T18:41:08+00:00","article_modified_time":"2025-05-12T18:41:11+00:00","og_image":[{"width":798,"height":598,"url":"https:\/\/jpevlogistics.com\/wp-content\/uploads\/2025\/05\/caida-de-fletes-china.jpeg","type":"image\/jpeg"}],"author":"horacio","twitter_card":"summary_large_image","twitter_misc":{"Written by":"horacio","Est. reading time":"2 minutes"},"schema":{"@context":"https:\/\/schema.org","@graph":[{"@type":"Article","@id":"https:\/\/jpevlogistics.com\/drastica-caida-en-las-reservas-de-embarques-en-china-incrementa-cancelaciones-de-itinerarios-en-la-ruta-transpacifico\/#article","isPartOf":{"@id":"https:\/\/jpevlogistics.com\/drastica-caida-en-las-reservas-de-embarques-en-china-incrementa-cancelaciones-de-itinerarios-en-la-ruta-transpacifico\/"},"author":{"name":"horacio","@id":"https:\/\/jpevlogistics.com\/#\/schema\/person\/5cb83ed90e4ad10651470058bc190e62"},"headline":"Dr\u00e1stica ca\u00edda en las reservas de embarques en China incrementa cancelaciones de itinerarios en la ruta Transpac\u00edfico","datePublished":"2025-05-12T18:41:08+00:00","dateModified":"2025-05-12T18:41:11+00:00","mainEntityOfPage":{"@id":"https:\/\/jpevlogistics.com\/drastica-caida-en-las-reservas-de-embarques-en-china-incrementa-cancelaciones-de-itinerarios-en-la-ruta-transpacifico\/"},"wordCount":478,"commentCount":0,"publisher":{"@id":"https:\/\/jpevlogistics.com\/#organization"},"image":{"@id":"https:\/\/jpevlogistics.com\/drastica-caida-en-las-reservas-de-embarques-en-china-incrementa-cancelaciones-de-itinerarios-en-la-ruta-transpacifico\/#primaryimage"},"thumbnailUrl":"https:\/\/jpevlogistics.com\/wp-content\/uploads\/2025\/05\/caida-de-fletes-china.jpeg","articleSection":["Sin categor\u00eda"],"inLanguage":"en-US","potentialAction":[{"@type":"CommentAction","name":"Comment","target":["https:\/\/jpevlogistics.com\/drastica-caida-en-las-reservas-de-embarques-en-china-incrementa-cancelaciones-de-itinerarios-en-la-ruta-transpacifico\/#respond"]}]},{"@type":"WebPage","@id":"https:\/\/jpevlogistics.com\/drastica-caida-en-las-reservas-de-embarques-en-china-incrementa-cancelaciones-de-itinerarios-en-la-ruta-transpacifico\/","url":"https:\/\/jpevlogistics.com\/drastica-caida-en-las-reservas-de-embarques-en-china-incrementa-cancelaciones-de-itinerarios-en-la-ruta-transpacifico\/","name":"Dr\u00e1stica ca\u00edda en las reservas de embarques en China incrementa cancelaciones de itinerarios en la ruta Transpac\u00edfico - JPEV Logistics","isPartOf":{"@id":"https:\/\/jpevlogistics.com\/#website"},"primaryImageOfPage":{"@id":"https:\/\/jpevlogistics.com\/drastica-caida-en-las-reservas-de-embarques-en-china-incrementa-cancelaciones-de-itinerarios-en-la-ruta-transpacifico\/#primaryimage"},"image":{"@id":"https:\/\/jpevlogistics.com\/drastica-caida-en-las-reservas-de-embarques-en-china-incrementa-cancelaciones-de-itinerarios-en-la-ruta-transpacifico\/#primaryimage"},"thumbnailUrl":"https:\/\/jpevlogistics.com\/wp-content\/uploads\/2025\/05\/caida-de-fletes-china.jpeg","datePublished":"2025-05-12T18:41:08+00:00","dateModified":"2025-05-12T18:41:11+00:00","breadcrumb":{"@id":"https:\/\/jpevlogistics.com\/drastica-caida-en-las-reservas-de-embarques-en-china-incrementa-cancelaciones-de-itinerarios-en-la-ruta-transpacifico\/#breadcrumb"},"inLanguage":"en-US","potentialAction":[{"@type":"ReadAction","target":["https:\/\/jpevlogistics.com\/drastica-caida-en-las-reservas-de-embarques-en-china-incrementa-cancelaciones-de-itinerarios-en-la-ruta-transpacifico\/"]}]},{"@type":"ImageObject","inLanguage":"en-US","@id":"https:\/\/jpevlogistics.com\/drastica-caida-en-las-reservas-de-embarques-en-china-incrementa-cancelaciones-de-itinerarios-en-la-ruta-transpacifico\/#primaryimage","url":"https:\/\/jpevlogistics.com\/wp-content\/uploads\/2025\/05\/caida-de-fletes-china.jpeg","contentUrl":"https:\/\/jpevlogistics.com\/wp-content\/uploads\/2025\/05\/caida-de-fletes-china.jpeg","width":798,"height":598},{"@type":"BreadcrumbList","@id":"https:\/\/jpevlogistics.com\/drastica-caida-en-las-reservas-de-embarques-en-china-incrementa-cancelaciones-de-itinerarios-en-la-ruta-transpacifico\/#breadcrumb","itemListElement":[{"@type":"ListItem","position":1,"name":"Portada","item":"https:\/\/jpevlogistics.com\/"},{"@type":"ListItem","position":2,"name":"Dr\u00e1stica ca\u00edda en las reservas de embarques en China incrementa cancelaciones de itinerarios en la ruta Transpac\u00edfico"}]},{"@type":"WebSite","@id":"https:\/\/jpevlogistics.com\/#website","url":"https:\/\/jpevlogistics.com\/","name":"JPEV Logistics","description":"","publisher":{"@id":"https:\/\/jpevlogistics.com\/#organization"},"potentialAction":[{"@type":"SearchAction","target":{"@type":"EntryPoint","urlTemplate":"https:\/\/jpevlogistics.com\/?s={search_term_string}"},"query-input":{"@type":"PropertyValueSpecification","valueRequired":true,"valueName":"search_term_string"}}],"inLanguage":"en-US"},{"@type":"Organization","@id":"https:\/\/jpevlogistics.com\/#organization","name":"JPEV Logistics","url":"https:\/\/jpevlogistics.com\/","logo":{"@type":"ImageObject","inLanguage":"en-US","@id":"https:\/\/jpevlogistics.com\/#\/schema\/logo\/image\/","url":"https:\/\/jpevlogistics.com\/wp-content\/uploads\/2020\/07\/logo.png","contentUrl":"https:\/\/jpevlogistics.com\/wp-content\/uploads\/2020\/07\/logo.png","width":214,"height":81,"caption":"JPEV Logistics"},"image":{"@id":"https:\/\/jpevlogistics.com\/#\/schema\/logo\/image\/"},"sameAs":["https:\/\/www.instagram.com\/jpevlogistics\/","https:\/\/www.linkedin.com\/company\/jpev-logistics\/"]},{"@type":"Person","@id":"https:\/\/jpevlogistics.com\/#\/schema\/person\/5cb83ed90e4ad10651470058bc190e62","name":"horacio","image":{"@type":"ImageObject","inLanguage":"en-US","@id":"https:\/\/secure.gravatar.com\/avatar\/49ba85a39487c51406dba7224109c3b2296f15c3dd1931dd024e3f540b12ea7d?s=96&d=mm&r=g","url":"https:\/\/secure.gravatar.com\/avatar\/49ba85a39487c51406dba7224109c3b2296f15c3dd1931dd024e3f540b12ea7d?s=96&d=mm&r=g","contentUrl":"https:\/\/secure.gravatar.com\/avatar\/49ba85a39487c51406dba7224109c3b2296f15c3dd1931dd024e3f540b12ea7d?s=96&d=mm&r=g","caption":"horacio"},"url":"https:\/\/jpevlogistics.com\/en\/author\/horacio\/"}]}},"_links":{"self":[{"href":"https:\/\/jpevlogistics.com\/en\/wp-json\/wp\/v2\/posts\/4171","targetHints":{"allow":["GET"]}}],"collection":[{"href":"https:\/\/jpevlogistics.com\/en\/wp-json\/wp\/v2\/posts"}],"about":[{"href":"https:\/\/jpevlogistics.com\/en\/wp-json\/wp\/v2\/types\/post"}],"author":[{"embeddable":true,"href":"https:\/\/jpevlogistics.com\/en\/wp-json\/wp\/v2\/users\/4"}],"replies":[{"embeddable":true,"href":"https:\/\/jpevlogistics.com\/en\/wp-json\/wp\/v2\/comments?post=4171"}],"version-history":[{"count":1,"href":"https:\/\/jpevlogistics.com\/en\/wp-json\/wp\/v2\/posts\/4171\/revisions"}],"predecessor-version":[{"id":4173,"href":"https:\/\/jpevlogistics.com\/en\/wp-json\/wp\/v2\/posts\/4171\/revisions\/4173"}],"wp:featuredmedia":[{"embeddable":true,"href":"https:\/\/jpevlogistics.com\/en\/wp-json\/wp\/v2\/media\/4172"}],"wp:attachment":[{"href":"https:\/\/jpevlogistics.com\/en\/wp-json\/wp\/v2\/media?parent=4171"}],"wp:term":[{"taxonomy":"category","embeddable":true,"href":"https:\/\/jpevlogistics.com\/en\/wp-json\/wp\/v2\/categories?post=4171"},{"taxonomy":"post_tag","embeddable":true,"href":"https:\/\/jpevlogistics.com\/en\/wp-json\/wp\/v2\/tags?post=4171"}],"curies":[{"name":"wp","href":"https:\/\/api.w.org\/{rel}","templated":true}]}}