{"id":9352,"date":"2025-11-14T12:30:20","date_gmt":"2025-11-14T12:30:20","guid":{"rendered":"https:\/\/jpevlogistics.com\/?p=9352"},"modified":"2025-11-14T13:59:57","modified_gmt":"2025-11-14T13:59:57","slug":"estrategias-de-las-lineas-navieras-exceso-de-capacidad-y-situacion-en-el-mar-rojo-tensionan-a-las-tarifas-de-fletes","status":"publish","type":"post","link":"https:\/\/jpevlogistics.com\/en\/estrategias-de-las-lineas-navieras-exceso-de-capacidad-y-situacion-en-el-mar-rojo-tensionan-a-las-tarifas-de-fletes\/","title":{"rendered":"Estrategias de las l\u00edneas navieras, exceso de capacidad y situaci\u00f3n en el Mar Rojo tensionan a las tarifas de fletes"},"content":{"rendered":"<p>14\/11\/2025 &#8211; Diversos factores disputan su incidencia sobre el mercado de fletes mar\u00edtimos que se mantiene inestable<\/p>\n\n\n\n<p>El mercado de fletes mar\u00edtimos atraviesa una fase de alta inestabilidad en la recta final de 2025. A la desaceleraci\u00f3n de la demanda y la expansi\u00f3n de la flota se suman factores pol\u00edticos y geoestrat\u00e9gicos que impiden una recuperaci\u00f3n sostenida de las tarifas, pese a los esfuerzos de las l\u00edneas navieras por aplicar nuevos ajustes al alza.<\/p>\n\n\n\n<figure class=\"wp-block-image size-full\"><img fetchpriority=\"high\" decoding=\"async\" width=\"798\" height=\"597\" src=\"https:\/\/jpevlogistics.com\/wp-content\/uploads\/2025\/11\/Bajas-e-tarifas-Mar-Rojo.jpeg\" alt=\"\" class=\"wp-image-9353\" srcset=\"https:\/\/jpevlogistics.com\/wp-content\/uploads\/2025\/11\/Bajas-e-tarifas-Mar-Rojo.jpeg 798w, https:\/\/jpevlogistics.com\/wp-content\/uploads\/2025\/11\/Bajas-e-tarifas-Mar-Rojo-300x224.jpeg 300w, https:\/\/jpevlogistics.com\/wp-content\/uploads\/2025\/11\/Bajas-e-tarifas-Mar-Rojo-768x575.jpeg 768w, https:\/\/jpevlogistics.com\/wp-content\/uploads\/2025\/11\/Bajas-e-tarifas-Mar-Rojo-16x12.jpeg 16w\" sizes=\"(max-width: 798px) 100vw, 798px\" \/><\/figure>\n\n\n\n<p>Uno de los elementos m\u00e1s inciertos es la revisi\u00f3n judicial del International Emergency Economic Powers Act (IEEPA) en Estados Unidos. Seg\u00fan&nbsp;<em>Judah Levine<\/em>, director de Investigaci\u00f3n de&nbsp;<em>Freightos<\/em>, la audiencia de la Corte Suprema la semana pasada \u201cdio la impresi\u00f3n de que el tribunal podr\u00eda fallar en contra de la administraci\u00f3n\u201d. De concretarse, el fallo podr\u00eda invalidar el uso de esa norma para imponer aranceles, abriendo \u201cuna ventana de bajas arancelarias para los bienes importados desde muchos pa\u00edses\u201d.<\/p>\n\n\n\n<p>Sin embargo, el respiro ser\u00eda breve.&nbsp;<em>Levine<\/em>&nbsp;advierte que la Casa Blanca \u201cseguramente estar\u00e1 motivada para cerrar r\u00e1pidamente esa ventana y restablecer los aranceles mediante otras v\u00edas legales\u201d. En un contexto de tarifas debilitadas, una eventual reducci\u00f3n arancelaria temporal podr\u00eda traducirse en mayor presi\u00f3n a la baja sobre los fletes del transporte mar\u00edtimo.<\/p>\n\n\n\n<p><strong>GRIs, exceso de capacidad, Mar Rojo &nbsp;&nbsp;<\/strong><\/p>\n\n\n\n<p>Al mismo tiempo, las l\u00edneas navieras intentan apuntalar los ingresos mediante la aplicaci\u00f3n de&nbsp;<strong>Incrementos Generales de Tarifas<\/strong>&nbsp;(GRI) aplicados a inicios de noviembre. En la ruta Transpac\u00edfico, las tarifas hacia la Costa Oeste de Estados Unidos (USWC) subieron 48% y se ubicaron en torno a US$3.000\/FEU, aunque \u201clas tarifas diarias ya muestran una leve tendencia descendente\u201d, se\u00f1ala&nbsp;<em>Levine<\/em>. El desaf\u00edo radica en sostener esas alzas en medio de una demanda d\u00e9bil: la Federaci\u00f3n Nacional de Retail report\u00f3 que las importaciones estadounidenses en octubre cayeron a sus m\u00ednimos del a\u00f1o, y proyecta nuevas bajas de dos d\u00edgitos hacia fin de a\u00f1o.<\/p>\n\n\n\n<p>Tambi\u00e9n la&nbsp;<strong>sobreoferta de capacidad<\/strong>&nbsp;estructural amplifica la fragilidad del mercado. \u201cLas l\u00edneas navieras enfrentan un crecimiento continuo de la flota y un exceso de capacidad en aumento\u201d, observa&nbsp;<em>Levine<\/em>, recordando que incluso con mayores vol\u00famenes globales en 2025, los \u00edndices promedio de tarifas se mantienen m\u00e1s bajos que el a\u00f1o pasado.<\/p>\n\n\n\n<p>Esa presi\u00f3n podr\u00eda intensificarse con la posible reapertura de la navegaci\u00f3n por el&nbsp;<strong>Mar Rojo<\/strong>, luego de que los hut\u00edes anunciaran un aparente cese de ataques en la zona. Para el analista de la industria mar\u00edtima&nbsp;<em>Lars Jensen<\/em>, \u201ces prematuro interpretar el alto al fuego como una se\u00f1al de retorno inminente de las l\u00edneas navieras a la v\u00eda\u201d, dada la fragilidad del cese al fuego entre Israel y Hamas.&nbsp;<em>Jensen<\/em>&nbsp;advierte que las l\u00edneas no parecen haber cambiado su tolerancia al riesgo desde hace apenas ocho meses, cuando interrumpieron su tr\u00e1nsito a trav\u00e9s del Canal de Suez.<\/p>\n\n\n\n<p><em>Peter Sand<\/em>, jefe de An\u00e1lisis de Xeneta, tambi\u00e9n llama a la cautela. \u201cNo se puede basar la seguridad de las tripulaciones, buques y carga en la palabra de la milicia hut\u00ed\u201d, se\u00f1al\u00f3, subrayando que las aseguradoras requieren garant\u00edas mucho m\u00e1s s\u00f3lidas. Recuerda adem\u00e1s que, pese a algunos tr\u00e1nsitos aislados recientes, \u201cel n\u00famero de portacontenedores que atraviesan el Canal de Suez ha venido disminuyendo durante 2025\u201d.<\/p>\n\n\n\n<p>De todos modos, un eventual retorno masivo al Mar Rojo tendr\u00eda consecuencias de gran magnitud. Actualmente, los desv\u00edos por el Cabo de Buena Esperanza absorben unos 2 millones de TEU de capacidad mundial. Reintegrar esa oferta al sistema \u201cinundar\u00eda el mercado y har\u00eda que las tarifas cayeran a\u00fan m\u00e1s a nivel global, no solo en las rutas directamente afectadas\u201d, advierte&nbsp;<em>Sand<\/em>.<\/p>\n\n\n\n<p>El impacto podr\u00eda ser devastador para la rentabilidad de las l\u00edneas, que \u201cya est\u00e1n entrando en territorio de p\u00e9rdidas y se prev\u00e9 que las tarifas promedio caigan hasta un 25% globalmente en 2026\u201d.<\/p>","protected":false},"excerpt":{"rendered":"<p>14\/11\/2025 &#8211; Diversos factores disputan su incidencia sobre el mercado de fletes mar\u00edtimos que se mantiene inestable El mercado de fletes mar\u00edtimos atraviesa una fase de alta inestabilidad en la recta final de 2025. A la desaceleraci\u00f3n de la demanda y la expansi\u00f3n de la flota se suman factores pol\u00edticos y geoestrat\u00e9gicos que impiden una [&hellip;]<\/p>\n","protected":false},"author":4,"featured_media":9353,"comment_status":"open","ping_status":"open","sticky":false,"template":"","format":"standard","meta":{"footnotes":""},"categories":[1],"tags":[],"class_list":["post-9352","post","type-post","status-publish","format-standard","has-post-thumbnail","hentry","category-sin-categoria"],"yoast_head":"<!-- This site is optimized with the Yoast SEO plugin v27.4 - https:\/\/yoast.com\/product\/yoast-seo-wordpress\/ -->\n<title>Estrategias de las l\u00edneas navieras, exceso de capacidad y situaci\u00f3n en el Mar Rojo tensionan a las tarifas de fletes - JPEV Logistics<\/title>\n<meta name=\"robots\" content=\"index, follow, max-snippet:-1, max-image-preview:large, max-video-preview:-1\" \/>\n<link rel=\"canonical\" href=\"https:\/\/jpevlogistics.com\/en\/estrategias-de-las-lineas-navieras-exceso-de-capacidad-y-situacion-en-el-mar-rojo-tensionan-a-las-tarifas-de-fletes\/\" \/>\n<meta property=\"og:locale\" content=\"en_US\" \/>\n<meta property=\"og:type\" content=\"article\" \/>\n<meta property=\"og:title\" content=\"Estrategias de las l\u00edneas navieras, exceso de capacidad y situaci\u00f3n en el Mar Rojo tensionan a las tarifas de fletes - JPEV Logistics\" \/>\n<meta property=\"og:description\" content=\"14\/11\/2025 &#8211; Diversos factores disputan su incidencia sobre el mercado de fletes mar\u00edtimos que se mantiene inestable El mercado de fletes mar\u00edtimos atraviesa una fase de alta inestabilidad en la recta final de 2025. A la desaceleraci\u00f3n de la demanda y la expansi\u00f3n de la flota se suman factores pol\u00edticos y geoestrat\u00e9gicos que impiden una [&hellip;]\" \/>\n<meta property=\"og:url\" content=\"https:\/\/jpevlogistics.com\/en\/estrategias-de-las-lineas-navieras-exceso-de-capacidad-y-situacion-en-el-mar-rojo-tensionan-a-las-tarifas-de-fletes\/\" \/>\n<meta property=\"og:site_name\" content=\"JPEV Logistics\" \/>\n<meta property=\"article:published_time\" content=\"2025-11-14T12:30:20+00:00\" \/>\n<meta property=\"article:modified_time\" content=\"2025-11-14T13:59:57+00:00\" \/>\n<meta property=\"og:image\" content=\"https:\/\/jpevlogistics.com\/wp-content\/uploads\/2025\/11\/Bajas-e-tarifas-Mar-Rojo.jpeg\" \/>\n\t<meta property=\"og:image:width\" content=\"798\" \/>\n\t<meta property=\"og:image:height\" content=\"597\" \/>\n\t<meta property=\"og:image:type\" content=\"image\/jpeg\" \/>\n<meta name=\"author\" content=\"horacio\" \/>\n<meta name=\"twitter:card\" content=\"summary_large_image\" \/>\n<meta name=\"twitter:label1\" content=\"Written by\" \/>\n\t<meta name=\"twitter:data1\" content=\"horacio\" \/>\n\t<meta name=\"twitter:label2\" content=\"Est. reading time\" \/>\n\t<meta name=\"twitter:data2\" content=\"4 minutes\" \/>\n<script type=\"application\/ld+json\" class=\"yoast-schema-graph\">{\"@context\":\"https:\\\/\\\/schema.org\",\"@graph\":[{\"@type\":\"Article\",\"@id\":\"https:\\\/\\\/jpevlogistics.com\\\/estrategias-de-las-lineas-navieras-exceso-de-capacidad-y-situacion-en-el-mar-rojo-tensionan-a-las-tarifas-de-fletes\\\/#article\",\"isPartOf\":{\"@id\":\"https:\\\/\\\/jpevlogistics.com\\\/estrategias-de-las-lineas-navieras-exceso-de-capacidad-y-situacion-en-el-mar-rojo-tensionan-a-las-tarifas-de-fletes\\\/\"},\"author\":{\"name\":\"horacio\",\"@id\":\"https:\\\/\\\/jpevlogistics.com\\\/#\\\/schema\\\/person\\\/5cb83ed90e4ad10651470058bc190e62\"},\"headline\":\"Estrategias de las l\u00edneas navieras, exceso de capacidad y situaci\u00f3n en el Mar Rojo tensionan a las tarifas de fletes\",\"datePublished\":\"2025-11-14T12:30:20+00:00\",\"dateModified\":\"2025-11-14T13:59:57+00:00\",\"mainEntityOfPage\":{\"@id\":\"https:\\\/\\\/jpevlogistics.com\\\/estrategias-de-las-lineas-navieras-exceso-de-capacidad-y-situacion-en-el-mar-rojo-tensionan-a-las-tarifas-de-fletes\\\/\"},\"wordCount\":722,\"commentCount\":0,\"publisher\":{\"@id\":\"https:\\\/\\\/jpevlogistics.com\\\/#organization\"},\"image\":{\"@id\":\"https:\\\/\\\/jpevlogistics.com\\\/estrategias-de-las-lineas-navieras-exceso-de-capacidad-y-situacion-en-el-mar-rojo-tensionan-a-las-tarifas-de-fletes\\\/#primaryimage\"},\"thumbnailUrl\":\"https:\\\/\\\/jpevlogistics.com\\\/wp-content\\\/uploads\\\/2025\\\/11\\\/Bajas-e-tarifas-Mar-Rojo.jpeg\",\"articleSection\":[\"Sin categor\u00eda\"],\"inLanguage\":\"en-US\",\"potentialAction\":[{\"@type\":\"CommentAction\",\"name\":\"Comment\",\"target\":[\"https:\\\/\\\/jpevlogistics.com\\\/estrategias-de-las-lineas-navieras-exceso-de-capacidad-y-situacion-en-el-mar-rojo-tensionan-a-las-tarifas-de-fletes\\\/#respond\"]}]},{\"@type\":\"WebPage\",\"@id\":\"https:\\\/\\\/jpevlogistics.com\\\/estrategias-de-las-lineas-navieras-exceso-de-capacidad-y-situacion-en-el-mar-rojo-tensionan-a-las-tarifas-de-fletes\\\/\",\"url\":\"https:\\\/\\\/jpevlogistics.com\\\/estrategias-de-las-lineas-navieras-exceso-de-capacidad-y-situacion-en-el-mar-rojo-tensionan-a-las-tarifas-de-fletes\\\/\",\"name\":\"Estrategias de las l\u00edneas navieras, exceso de capacidad y situaci\u00f3n en el Mar Rojo tensionan a las tarifas de fletes - JPEV Logistics\",\"isPartOf\":{\"@id\":\"https:\\\/\\\/jpevlogistics.com\\\/#website\"},\"primaryImageOfPage\":{\"@id\":\"https:\\\/\\\/jpevlogistics.com\\\/estrategias-de-las-lineas-navieras-exceso-de-capacidad-y-situacion-en-el-mar-rojo-tensionan-a-las-tarifas-de-fletes\\\/#primaryimage\"},\"image\":{\"@id\":\"https:\\\/\\\/jpevlogistics.com\\\/estrategias-de-las-lineas-navieras-exceso-de-capacidad-y-situacion-en-el-mar-rojo-tensionan-a-las-tarifas-de-fletes\\\/#primaryimage\"},\"thumbnailUrl\":\"https:\\\/\\\/jpevlogistics.com\\\/wp-content\\\/uploads\\\/2025\\\/11\\\/Bajas-e-tarifas-Mar-Rojo.jpeg\",\"datePublished\":\"2025-11-14T12:30:20+00:00\",\"dateModified\":\"2025-11-14T13:59:57+00:00\",\"breadcrumb\":{\"@id\":\"https:\\\/\\\/jpevlogistics.com\\\/estrategias-de-las-lineas-navieras-exceso-de-capacidad-y-situacion-en-el-mar-rojo-tensionan-a-las-tarifas-de-fletes\\\/#breadcrumb\"},\"inLanguage\":\"en-US\",\"potentialAction\":[{\"@type\":\"ReadAction\",\"target\":[\"https:\\\/\\\/jpevlogistics.com\\\/estrategias-de-las-lineas-navieras-exceso-de-capacidad-y-situacion-en-el-mar-rojo-tensionan-a-las-tarifas-de-fletes\\\/\"]}]},{\"@type\":\"ImageObject\",\"inLanguage\":\"en-US\",\"@id\":\"https:\\\/\\\/jpevlogistics.com\\\/estrategias-de-las-lineas-navieras-exceso-de-capacidad-y-situacion-en-el-mar-rojo-tensionan-a-las-tarifas-de-fletes\\\/#primaryimage\",\"url\":\"https:\\\/\\\/jpevlogistics.com\\\/wp-content\\\/uploads\\\/2025\\\/11\\\/Bajas-e-tarifas-Mar-Rojo.jpeg\",\"contentUrl\":\"https:\\\/\\\/jpevlogistics.com\\\/wp-content\\\/uploads\\\/2025\\\/11\\\/Bajas-e-tarifas-Mar-Rojo.jpeg\",\"width\":798,\"height\":597},{\"@type\":\"BreadcrumbList\",\"@id\":\"https:\\\/\\\/jpevlogistics.com\\\/estrategias-de-las-lineas-navieras-exceso-de-capacidad-y-situacion-en-el-mar-rojo-tensionan-a-las-tarifas-de-fletes\\\/#breadcrumb\",\"itemListElement\":[{\"@type\":\"ListItem\",\"position\":1,\"name\":\"Portada\",\"item\":\"https:\\\/\\\/jpevlogistics.com\\\/\"},{\"@type\":\"ListItem\",\"position\":2,\"name\":\"Estrategias de las l\u00edneas navieras, exceso de capacidad y situaci\u00f3n en el Mar Rojo tensionan a las tarifas de fletes\"}]},{\"@type\":\"WebSite\",\"@id\":\"https:\\\/\\\/jpevlogistics.com\\\/#website\",\"url\":\"https:\\\/\\\/jpevlogistics.com\\\/\",\"name\":\"JPEV Logistics\",\"description\":\"\",\"publisher\":{\"@id\":\"https:\\\/\\\/jpevlogistics.com\\\/#organization\"},\"potentialAction\":[{\"@type\":\"SearchAction\",\"target\":{\"@type\":\"EntryPoint\",\"urlTemplate\":\"https:\\\/\\\/jpevlogistics.com\\\/?s={search_term_string}\"},\"query-input\":{\"@type\":\"PropertyValueSpecification\",\"valueRequired\":true,\"valueName\":\"search_term_string\"}}],\"inLanguage\":\"en-US\"},{\"@type\":\"Organization\",\"@id\":\"https:\\\/\\\/jpevlogistics.com\\\/#organization\",\"name\":\"JPEV Logistics\",\"url\":\"https:\\\/\\\/jpevlogistics.com\\\/\",\"logo\":{\"@type\":\"ImageObject\",\"inLanguage\":\"en-US\",\"@id\":\"https:\\\/\\\/jpevlogistics.com\\\/#\\\/schema\\\/logo\\\/image\\\/\",\"url\":\"https:\\\/\\\/jpevlogistics.com\\\/wp-content\\\/uploads\\\/2020\\\/07\\\/logo.png\",\"contentUrl\":\"https:\\\/\\\/jpevlogistics.com\\\/wp-content\\\/uploads\\\/2020\\\/07\\\/logo.png\",\"width\":214,\"height\":81,\"caption\":\"JPEV Logistics\"},\"image\":{\"@id\":\"https:\\\/\\\/jpevlogistics.com\\\/#\\\/schema\\\/logo\\\/image\\\/\"},\"sameAs\":[\"https:\\\/\\\/www.instagram.com\\\/jpevlogistics\\\/\",\"https:\\\/\\\/www.linkedin.com\\\/company\\\/jpev-logistics\\\/\"]},{\"@type\":\"Person\",\"@id\":\"https:\\\/\\\/jpevlogistics.com\\\/#\\\/schema\\\/person\\\/5cb83ed90e4ad10651470058bc190e62\",\"name\":\"horacio\",\"image\":{\"@type\":\"ImageObject\",\"inLanguage\":\"en-US\",\"@id\":\"https:\\\/\\\/secure.gravatar.com\\\/avatar\\\/49ba85a39487c51406dba7224109c3b2296f15c3dd1931dd024e3f540b12ea7d?s=96&d=mm&r=g\",\"url\":\"https:\\\/\\\/secure.gravatar.com\\\/avatar\\\/49ba85a39487c51406dba7224109c3b2296f15c3dd1931dd024e3f540b12ea7d?s=96&d=mm&r=g\",\"contentUrl\":\"https:\\\/\\\/secure.gravatar.com\\\/avatar\\\/49ba85a39487c51406dba7224109c3b2296f15c3dd1931dd024e3f540b12ea7d?s=96&d=mm&r=g\",\"caption\":\"horacio\"},\"url\":\"https:\\\/\\\/jpevlogistics.com\\\/en\\\/author\\\/horacio\\\/\"}]}<\/script>\n<!-- \/ Yoast SEO plugin. -->","yoast_head_json":{"title":"Estrategias de las l\u00edneas navieras, exceso de capacidad y situaci\u00f3n en el Mar Rojo tensionan a las tarifas de fletes - JPEV Logistics","robots":{"index":"index","follow":"follow","max-snippet":"max-snippet:-1","max-image-preview":"max-image-preview:large","max-video-preview":"max-video-preview:-1"},"canonical":"https:\/\/jpevlogistics.com\/en\/estrategias-de-las-lineas-navieras-exceso-de-capacidad-y-situacion-en-el-mar-rojo-tensionan-a-las-tarifas-de-fletes\/","og_locale":"en_US","og_type":"article","og_title":"Estrategias de las l\u00edneas navieras, exceso de capacidad y situaci\u00f3n en el Mar Rojo tensionan a las tarifas de fletes - JPEV Logistics","og_description":"14\/11\/2025 &#8211; Diversos factores disputan su incidencia sobre el mercado de fletes mar\u00edtimos que se mantiene inestable El mercado de fletes mar\u00edtimos atraviesa una fase de alta inestabilidad en la recta final de 2025. A la desaceleraci\u00f3n de la demanda y la expansi\u00f3n de la flota se suman factores pol\u00edticos y geoestrat\u00e9gicos que impiden una [&hellip;]","og_url":"https:\/\/jpevlogistics.com\/en\/estrategias-de-las-lineas-navieras-exceso-de-capacidad-y-situacion-en-el-mar-rojo-tensionan-a-las-tarifas-de-fletes\/","og_site_name":"JPEV Logistics","article_published_time":"2025-11-14T12:30:20+00:00","article_modified_time":"2025-11-14T13:59:57+00:00","og_image":[{"width":798,"height":597,"url":"https:\/\/jpevlogistics.com\/wp-content\/uploads\/2025\/11\/Bajas-e-tarifas-Mar-Rojo.jpeg","type":"image\/jpeg"}],"author":"horacio","twitter_card":"summary_large_image","twitter_misc":{"Written by":"horacio","Est. reading time":"4 minutes"},"schema":{"@context":"https:\/\/schema.org","@graph":[{"@type":"Article","@id":"https:\/\/jpevlogistics.com\/estrategias-de-las-lineas-navieras-exceso-de-capacidad-y-situacion-en-el-mar-rojo-tensionan-a-las-tarifas-de-fletes\/#article","isPartOf":{"@id":"https:\/\/jpevlogistics.com\/estrategias-de-las-lineas-navieras-exceso-de-capacidad-y-situacion-en-el-mar-rojo-tensionan-a-las-tarifas-de-fletes\/"},"author":{"name":"horacio","@id":"https:\/\/jpevlogistics.com\/#\/schema\/person\/5cb83ed90e4ad10651470058bc190e62"},"headline":"Estrategias de las l\u00edneas navieras, exceso de capacidad y situaci\u00f3n en el Mar Rojo tensionan a las tarifas de fletes","datePublished":"2025-11-14T12:30:20+00:00","dateModified":"2025-11-14T13:59:57+00:00","mainEntityOfPage":{"@id":"https:\/\/jpevlogistics.com\/estrategias-de-las-lineas-navieras-exceso-de-capacidad-y-situacion-en-el-mar-rojo-tensionan-a-las-tarifas-de-fletes\/"},"wordCount":722,"commentCount":0,"publisher":{"@id":"https:\/\/jpevlogistics.com\/#organization"},"image":{"@id":"https:\/\/jpevlogistics.com\/estrategias-de-las-lineas-navieras-exceso-de-capacidad-y-situacion-en-el-mar-rojo-tensionan-a-las-tarifas-de-fletes\/#primaryimage"},"thumbnailUrl":"https:\/\/jpevlogistics.com\/wp-content\/uploads\/2025\/11\/Bajas-e-tarifas-Mar-Rojo.jpeg","articleSection":["Sin categor\u00eda"],"inLanguage":"en-US","potentialAction":[{"@type":"CommentAction","name":"Comment","target":["https:\/\/jpevlogistics.com\/estrategias-de-las-lineas-navieras-exceso-de-capacidad-y-situacion-en-el-mar-rojo-tensionan-a-las-tarifas-de-fletes\/#respond"]}]},{"@type":"WebPage","@id":"https:\/\/jpevlogistics.com\/estrategias-de-las-lineas-navieras-exceso-de-capacidad-y-situacion-en-el-mar-rojo-tensionan-a-las-tarifas-de-fletes\/","url":"https:\/\/jpevlogistics.com\/estrategias-de-las-lineas-navieras-exceso-de-capacidad-y-situacion-en-el-mar-rojo-tensionan-a-las-tarifas-de-fletes\/","name":"Estrategias de las l\u00edneas navieras, exceso de capacidad y situaci\u00f3n en el Mar Rojo tensionan a las tarifas de fletes - JPEV Logistics","isPartOf":{"@id":"https:\/\/jpevlogistics.com\/#website"},"primaryImageOfPage":{"@id":"https:\/\/jpevlogistics.com\/estrategias-de-las-lineas-navieras-exceso-de-capacidad-y-situacion-en-el-mar-rojo-tensionan-a-las-tarifas-de-fletes\/#primaryimage"},"image":{"@id":"https:\/\/jpevlogistics.com\/estrategias-de-las-lineas-navieras-exceso-de-capacidad-y-situacion-en-el-mar-rojo-tensionan-a-las-tarifas-de-fletes\/#primaryimage"},"thumbnailUrl":"https:\/\/jpevlogistics.com\/wp-content\/uploads\/2025\/11\/Bajas-e-tarifas-Mar-Rojo.jpeg","datePublished":"2025-11-14T12:30:20+00:00","dateModified":"2025-11-14T13:59:57+00:00","breadcrumb":{"@id":"https:\/\/jpevlogistics.com\/estrategias-de-las-lineas-navieras-exceso-de-capacidad-y-situacion-en-el-mar-rojo-tensionan-a-las-tarifas-de-fletes\/#breadcrumb"},"inLanguage":"en-US","potentialAction":[{"@type":"ReadAction","target":["https:\/\/jpevlogistics.com\/estrategias-de-las-lineas-navieras-exceso-de-capacidad-y-situacion-en-el-mar-rojo-tensionan-a-las-tarifas-de-fletes\/"]}]},{"@type":"ImageObject","inLanguage":"en-US","@id":"https:\/\/jpevlogistics.com\/estrategias-de-las-lineas-navieras-exceso-de-capacidad-y-situacion-en-el-mar-rojo-tensionan-a-las-tarifas-de-fletes\/#primaryimage","url":"https:\/\/jpevlogistics.com\/wp-content\/uploads\/2025\/11\/Bajas-e-tarifas-Mar-Rojo.jpeg","contentUrl":"https:\/\/jpevlogistics.com\/wp-content\/uploads\/2025\/11\/Bajas-e-tarifas-Mar-Rojo.jpeg","width":798,"height":597},{"@type":"BreadcrumbList","@id":"https:\/\/jpevlogistics.com\/estrategias-de-las-lineas-navieras-exceso-de-capacidad-y-situacion-en-el-mar-rojo-tensionan-a-las-tarifas-de-fletes\/#breadcrumb","itemListElement":[{"@type":"ListItem","position":1,"name":"Portada","item":"https:\/\/jpevlogistics.com\/"},{"@type":"ListItem","position":2,"name":"Estrategias de las l\u00edneas navieras, exceso de capacidad y situaci\u00f3n en el Mar Rojo tensionan a las tarifas de fletes"}]},{"@type":"WebSite","@id":"https:\/\/jpevlogistics.com\/#website","url":"https:\/\/jpevlogistics.com\/","name":"JPEV Logistics","description":"","publisher":{"@id":"https:\/\/jpevlogistics.com\/#organization"},"potentialAction":[{"@type":"SearchAction","target":{"@type":"EntryPoint","urlTemplate":"https:\/\/jpevlogistics.com\/?s={search_term_string}"},"query-input":{"@type":"PropertyValueSpecification","valueRequired":true,"valueName":"search_term_string"}}],"inLanguage":"en-US"},{"@type":"Organization","@id":"https:\/\/jpevlogistics.com\/#organization","name":"JPEV Logistics","url":"https:\/\/jpevlogistics.com\/","logo":{"@type":"ImageObject","inLanguage":"en-US","@id":"https:\/\/jpevlogistics.com\/#\/schema\/logo\/image\/","url":"https:\/\/jpevlogistics.com\/wp-content\/uploads\/2020\/07\/logo.png","contentUrl":"https:\/\/jpevlogistics.com\/wp-content\/uploads\/2020\/07\/logo.png","width":214,"height":81,"caption":"JPEV Logistics"},"image":{"@id":"https:\/\/jpevlogistics.com\/#\/schema\/logo\/image\/"},"sameAs":["https:\/\/www.instagram.com\/jpevlogistics\/","https:\/\/www.linkedin.com\/company\/jpev-logistics\/"]},{"@type":"Person","@id":"https:\/\/jpevlogistics.com\/#\/schema\/person\/5cb83ed90e4ad10651470058bc190e62","name":"horacio","image":{"@type":"ImageObject","inLanguage":"en-US","@id":"https:\/\/secure.gravatar.com\/avatar\/49ba85a39487c51406dba7224109c3b2296f15c3dd1931dd024e3f540b12ea7d?s=96&d=mm&r=g","url":"https:\/\/secure.gravatar.com\/avatar\/49ba85a39487c51406dba7224109c3b2296f15c3dd1931dd024e3f540b12ea7d?s=96&d=mm&r=g","contentUrl":"https:\/\/secure.gravatar.com\/avatar\/49ba85a39487c51406dba7224109c3b2296f15c3dd1931dd024e3f540b12ea7d?s=96&d=mm&r=g","caption":"horacio"},"url":"https:\/\/jpevlogistics.com\/en\/author\/horacio\/"}]}},"_links":{"self":[{"href":"https:\/\/jpevlogistics.com\/en\/wp-json\/wp\/v2\/posts\/9352","targetHints":{"allow":["GET"]}}],"collection":[{"href":"https:\/\/jpevlogistics.com\/en\/wp-json\/wp\/v2\/posts"}],"about":[{"href":"https:\/\/jpevlogistics.com\/en\/wp-json\/wp\/v2\/types\/post"}],"author":[{"embeddable":true,"href":"https:\/\/jpevlogistics.com\/en\/wp-json\/wp\/v2\/users\/4"}],"replies":[{"embeddable":true,"href":"https:\/\/jpevlogistics.com\/en\/wp-json\/wp\/v2\/comments?post=9352"}],"version-history":[{"count":1,"href":"https:\/\/jpevlogistics.com\/en\/wp-json\/wp\/v2\/posts\/9352\/revisions"}],"predecessor-version":[{"id":9354,"href":"https:\/\/jpevlogistics.com\/en\/wp-json\/wp\/v2\/posts\/9352\/revisions\/9354"}],"wp:featuredmedia":[{"embeddable":true,"href":"https:\/\/jpevlogistics.com\/en\/wp-json\/wp\/v2\/media\/9353"}],"wp:attachment":[{"href":"https:\/\/jpevlogistics.com\/en\/wp-json\/wp\/v2\/media?parent=9352"}],"wp:term":[{"taxonomy":"category","embeddable":true,"href":"https:\/\/jpevlogistics.com\/en\/wp-json\/wp\/v2\/categories?post=9352"},{"taxonomy":"post_tag","embeddable":true,"href":"https:\/\/jpevlogistics.com\/en\/wp-json\/wp\/v2\/tags?post=9352"}],"curies":[{"name":"wp","href":"https:\/\/api.w.org\/{rel}","templated":true}]}}