{"id":9364,"date":"2025-11-19T11:05:58","date_gmt":"2025-11-19T11:05:58","guid":{"rendered":"https:\/\/jpevlogistics.com\/?p=9364"},"modified":"2025-11-19T17:16:21","modified_gmt":"2025-11-19T17:16:21","slug":"nuestra-vision-para-la-logistica-internacional-en-2026","status":"publish","type":"post","link":"https:\/\/jpevlogistics.com\/en\/nuestra-vision-para-la-logistica-internacional-en-2026\/","title":{"rendered":"Nuestra visi\u00f3n para la log\u00edstica internacional en 2026"},"content":{"rendered":"<p>19\/11\/2025 &#8211; El futuro en la regi\u00f3n para el servicio log\u00edstico<\/p>\n\n\n\n<p>La log\u00edstica internacional atraviesa un momento de transformaci\u00f3n profunda. El pr\u00f3ximo a\u00f1o traer\u00e1 consigo cambios que impactar\u00e1n directamente en la regi\u00f3n latinoamericana, y desde nuestra empresa queremos compartir c\u00f3mo vemos este escenario y c\u00f3mo nos preparamos para acompa\u00f1ar a nuestros clientes.<\/p>\n\n\n\n<p><strong>Tendencias globales que marcar\u00e1n el rumbo \ud83c\udf0d<\/strong><\/p>\n\n\n\n<figure class=\"wp-block-gallery has-nested-images columns-default is-cropped wp-block-gallery-1 is-layout-flex wp-block-gallery-is-layout-flex\">\n<figure class=\"wp-block-image size-large\"><img fetchpriority=\"high\" decoding=\"async\" width=\"600\" height=\"398\" data-id=\"9365\" src=\"https:\/\/jpevlogistics.com\/wp-content\/uploads\/2025\/11\/logistica-barco.webp\" alt=\"\" class=\"wp-image-9365\" srcset=\"https:\/\/jpevlogistics.com\/wp-content\/uploads\/2025\/11\/logistica-barco.webp 600w, https:\/\/jpevlogistics.com\/wp-content\/uploads\/2025\/11\/logistica-barco-300x199.webp 300w, https:\/\/jpevlogistics.com\/wp-content\/uploads\/2025\/11\/logistica-barco-18x12.webp 18w\" sizes=\"(max-width: 600px) 100vw, 600px\" \/><\/figure>\n<\/figure>\n\n\n\n<p>\u2022&nbsp; Automatizaci\u00f3n y digitalizaci\u00f3n: La inteligencia artificial y el software como servicio se consolidan como pilares para optimizar procesos, mejorar la visibilidad de la cadena de suministro y reducir tiempos .<\/p>\n\n\n\n<p>\u2022&nbsp; Gesti\u00f3n flexible de pedidos: El <em>picking<\/em> automatizado y la distribuci\u00f3n inteligente permitir\u00e1n responder con mayor agilidad a  las demandas del mercado.<\/p>\n\n\n\n<p>\u2022&nbsp; Sostenibilidad como prioridad: La presi\u00f3n por reducir la huella de carbono y aplicar pr\u00e1cticas responsables ser\u00e1 cada vez mayor, especialmente en transporte mar\u00edtimo y a\u00e9reo.<\/p>\n\n\n\n<p>\u2022&nbsp; Crecimiento del comercio electr\u00f3nico: Am\u00e9rica Latina contin\u00faa expandiendo su mercado digital, lo que exige soluciones log\u00edsticas m\u00e1s r\u00e1pidas  y confiables.<\/p>\n\n\n\n<p>\u2022&nbsp; Reconfiguraci\u00f3n regional del volumen log\u00edstico: Brasil, M\u00e9xico y Argentina se perfilan como actores clave en el mapa global, con inversiones en infraestructura y tecnolog\u00eda para sostener el crecimiento <\/p>\n\n\n\n<p><\/p>\n\n\n\n<p><strong>Nuestra propuesta para la regi\u00f3n \ud83d\udea2\u2708\ufe0f<\/strong><\/p>\n\n\n\n<p>En este contexto, reafirmamos nuestro compromiso como operadores log\u00edsticos certificados bajo ISO 9001:2015, garantizando procesos estandarizados y confiables. Nuestra visi\u00f3n para 2026 se centra en:<\/p>\n\n\n\n<p>\u2022&nbsp; Mayor integraci\u00f3n tecnol\u00f3gica: Implementar herramientas colaborativas y sistemas de trazabilidad que den transparencia total a cada embarque.<\/p>\n\n\n\n<p>\u2022&nbsp; Soluciones multimodales adaptadas: Dise\u00f1ar estrategias que combinen transporte mar\u00edtimo, a\u00e9reo y terrestre seg\u00fan las necesidades de cada cliente.<\/p>\n\n\n\n<p>\u2022&nbsp; Acompa\u00f1amiento cercano: No solo mover cargas, sino construir relaciones de confianza, anticipando escenarios y ofreciendo alternativas claras.<\/p>\n\n\n\n<p>\u2022&nbsp; Sostenibilidad aplicada: Incorporar pr\u00e1cticas que reduzcan el impacto ambiental y se alineen con las exigencias internacionales.<\/p>\n\n\n\n<p><strong>Mirando hacia adelante \ud83d\udd2e<\/strong><\/p>\n\n\n\n<p>El a\u00f1o pr\u00f3ximo ser\u00e1 un punto de inflexi\u00f3n para la log\u00edstica internacional en Am\u00e9rica Latina. La combinaci\u00f3n de tecnolog\u00eda, sostenibilidad y flexibilidad marcar\u00e1 la diferencia entre quienes simplemente operan y quienes lideran el cambio.<\/p>\n\n\n\n<p>En nuestra empresa, estamos convencidos de que la log\u00edstica no es solo transporte: es estrategia, confianza y visi\u00f3n de futuro. Por eso, seguimos trabajando para que cada cliente encuentre en nosotros un socio s\u00f3lido y preparado para los desaf\u00edos que vienen.<\/p>\n\n\n\n<p><\/p>","protected":false},"excerpt":{"rendered":"<p>19\/11\/2025 &#8211; El futuro en la regi\u00f3n para el servicio log\u00edstico La log\u00edstica internacional atraviesa un momento de transformaci\u00f3n profunda. El pr\u00f3ximo a\u00f1o traer\u00e1 consigo cambios que impactar\u00e1n directamente en la regi\u00f3n latinoamericana, y desde nuestra empresa queremos compartir c\u00f3mo vemos este escenario y c\u00f3mo nos preparamos para acompa\u00f1ar a nuestros clientes. Tendencias globales que [&hellip;]<\/p>\n","protected":false},"author":4,"featured_media":9365,"comment_status":"open","ping_status":"open","sticky":false,"template":"","format":"standard","meta":{"footnotes":""},"categories":[1],"tags":[],"class_list":["post-9364","post","type-post","status-publish","format-standard","has-post-thumbnail","hentry","category-sin-categoria"],"yoast_head":"<!-- This site is optimized with the Yoast SEO plugin v27.4 - https:\/\/yoast.com\/product\/yoast-seo-wordpress\/ -->\n<title>Nuestra visi\u00f3n para la log\u00edstica internacional en 2026 - JPEV Logistics<\/title>\n<meta name=\"robots\" content=\"index, follow, max-snippet:-1, max-image-preview:large, max-video-preview:-1\" \/>\n<link rel=\"canonical\" href=\"https:\/\/jpevlogistics.com\/en\/nuestra-vision-para-la-logistica-internacional-en-2026\/\" \/>\n<meta property=\"og:locale\" content=\"en_US\" \/>\n<meta property=\"og:type\" content=\"article\" \/>\n<meta property=\"og:title\" content=\"Nuestra visi\u00f3n para la log\u00edstica internacional en 2026 - JPEV Logistics\" \/>\n<meta property=\"og:description\" content=\"19\/11\/2025 &#8211; El futuro en la regi\u00f3n para el servicio log\u00edstico La log\u00edstica internacional atraviesa un momento de transformaci\u00f3n profunda. El pr\u00f3ximo a\u00f1o traer\u00e1 consigo cambios que impactar\u00e1n directamente en la regi\u00f3n latinoamericana, y desde nuestra empresa queremos compartir c\u00f3mo vemos este escenario y c\u00f3mo nos preparamos para acompa\u00f1ar a nuestros clientes. Tendencias globales que [&hellip;]\" \/>\n<meta property=\"og:url\" content=\"https:\/\/jpevlogistics.com\/en\/nuestra-vision-para-la-logistica-internacional-en-2026\/\" \/>\n<meta property=\"og:site_name\" content=\"JPEV Logistics\" \/>\n<meta property=\"article:published_time\" content=\"2025-11-19T11:05:58+00:00\" \/>\n<meta property=\"article:modified_time\" content=\"2025-11-19T17:16:21+00:00\" \/>\n<meta property=\"og:image\" content=\"https:\/\/jpevlogistics.com\/wp-content\/uploads\/2025\/11\/logistica-barco.webp\" \/>\n\t<meta property=\"og:image:width\" content=\"600\" \/>\n\t<meta property=\"og:image:height\" content=\"398\" \/>\n\t<meta property=\"og:image:type\" content=\"image\/webp\" \/>\n<meta name=\"author\" content=\"horacio\" \/>\n<meta name=\"twitter:card\" content=\"summary_large_image\" \/>\n<meta name=\"twitter:label1\" content=\"Written by\" \/>\n\t<meta name=\"twitter:data1\" content=\"horacio\" \/>\n\t<meta name=\"twitter:label2\" content=\"Est. reading time\" \/>\n\t<meta name=\"twitter:data2\" content=\"2 minutes\" \/>\n<script type=\"application\/ld+json\" class=\"yoast-schema-graph\">{\"@context\":\"https:\\\/\\\/schema.org\",\"@graph\":[{\"@type\":\"Article\",\"@id\":\"https:\\\/\\\/jpevlogistics.com\\\/nuestra-vision-para-la-logistica-internacional-en-2026\\\/#article\",\"isPartOf\":{\"@id\":\"https:\\\/\\\/jpevlogistics.com\\\/nuestra-vision-para-la-logistica-internacional-en-2026\\\/\"},\"author\":{\"name\":\"horacio\",\"@id\":\"https:\\\/\\\/jpevlogistics.com\\\/#\\\/schema\\\/person\\\/5cb83ed90e4ad10651470058bc190e62\"},\"headline\":\"Nuestra visi\u00f3n para la log\u00edstica internacional en 2026\",\"datePublished\":\"2025-11-19T11:05:58+00:00\",\"dateModified\":\"2025-11-19T17:16:21+00:00\",\"mainEntityOfPage\":{\"@id\":\"https:\\\/\\\/jpevlogistics.com\\\/nuestra-vision-para-la-logistica-internacional-en-2026\\\/\"},\"wordCount\":425,\"commentCount\":0,\"publisher\":{\"@id\":\"https:\\\/\\\/jpevlogistics.com\\\/#organization\"},\"image\":{\"@id\":\"https:\\\/\\\/jpevlogistics.com\\\/nuestra-vision-para-la-logistica-internacional-en-2026\\\/#primaryimage\"},\"thumbnailUrl\":\"https:\\\/\\\/jpevlogistics.com\\\/wp-content\\\/uploads\\\/2025\\\/11\\\/logistica-barco.webp\",\"articleSection\":[\"Sin categor\u00eda\"],\"inLanguage\":\"en-US\",\"potentialAction\":[{\"@type\":\"CommentAction\",\"name\":\"Comment\",\"target\":[\"https:\\\/\\\/jpevlogistics.com\\\/nuestra-vision-para-la-logistica-internacional-en-2026\\\/#respond\"]}]},{\"@type\":\"WebPage\",\"@id\":\"https:\\\/\\\/jpevlogistics.com\\\/nuestra-vision-para-la-logistica-internacional-en-2026\\\/\",\"url\":\"https:\\\/\\\/jpevlogistics.com\\\/nuestra-vision-para-la-logistica-internacional-en-2026\\\/\",\"name\":\"Nuestra visi\u00f3n para la log\u00edstica internacional en 2026 - JPEV Logistics\",\"isPartOf\":{\"@id\":\"https:\\\/\\\/jpevlogistics.com\\\/#website\"},\"primaryImageOfPage\":{\"@id\":\"https:\\\/\\\/jpevlogistics.com\\\/nuestra-vision-para-la-logistica-internacional-en-2026\\\/#primaryimage\"},\"image\":{\"@id\":\"https:\\\/\\\/jpevlogistics.com\\\/nuestra-vision-para-la-logistica-internacional-en-2026\\\/#primaryimage\"},\"thumbnailUrl\":\"https:\\\/\\\/jpevlogistics.com\\\/wp-content\\\/uploads\\\/2025\\\/11\\\/logistica-barco.webp\",\"datePublished\":\"2025-11-19T11:05:58+00:00\",\"dateModified\":\"2025-11-19T17:16:21+00:00\",\"breadcrumb\":{\"@id\":\"https:\\\/\\\/jpevlogistics.com\\\/nuestra-vision-para-la-logistica-internacional-en-2026\\\/#breadcrumb\"},\"inLanguage\":\"en-US\",\"potentialAction\":[{\"@type\":\"ReadAction\",\"target\":[\"https:\\\/\\\/jpevlogistics.com\\\/nuestra-vision-para-la-logistica-internacional-en-2026\\\/\"]}]},{\"@type\":\"ImageObject\",\"inLanguage\":\"en-US\",\"@id\":\"https:\\\/\\\/jpevlogistics.com\\\/nuestra-vision-para-la-logistica-internacional-en-2026\\\/#primaryimage\",\"url\":\"https:\\\/\\\/jpevlogistics.com\\\/wp-content\\\/uploads\\\/2025\\\/11\\\/logistica-barco.webp\",\"contentUrl\":\"https:\\\/\\\/jpevlogistics.com\\\/wp-content\\\/uploads\\\/2025\\\/11\\\/logistica-barco.webp\",\"width\":600,\"height\":398},{\"@type\":\"BreadcrumbList\",\"@id\":\"https:\\\/\\\/jpevlogistics.com\\\/nuestra-vision-para-la-logistica-internacional-en-2026\\\/#breadcrumb\",\"itemListElement\":[{\"@type\":\"ListItem\",\"position\":1,\"name\":\"Portada\",\"item\":\"https:\\\/\\\/jpevlogistics.com\\\/\"},{\"@type\":\"ListItem\",\"position\":2,\"name\":\"Nuestra visi\u00f3n para la log\u00edstica internacional en 2026\"}]},{\"@type\":\"WebSite\",\"@id\":\"https:\\\/\\\/jpevlogistics.com\\\/#website\",\"url\":\"https:\\\/\\\/jpevlogistics.com\\\/\",\"name\":\"JPEV Logistics\",\"description\":\"\",\"publisher\":{\"@id\":\"https:\\\/\\\/jpevlogistics.com\\\/#organization\"},\"potentialAction\":[{\"@type\":\"SearchAction\",\"target\":{\"@type\":\"EntryPoint\",\"urlTemplate\":\"https:\\\/\\\/jpevlogistics.com\\\/?s={search_term_string}\"},\"query-input\":{\"@type\":\"PropertyValueSpecification\",\"valueRequired\":true,\"valueName\":\"search_term_string\"}}],\"inLanguage\":\"en-US\"},{\"@type\":\"Organization\",\"@id\":\"https:\\\/\\\/jpevlogistics.com\\\/#organization\",\"name\":\"JPEV Logistics\",\"url\":\"https:\\\/\\\/jpevlogistics.com\\\/\",\"logo\":{\"@type\":\"ImageObject\",\"inLanguage\":\"en-US\",\"@id\":\"https:\\\/\\\/jpevlogistics.com\\\/#\\\/schema\\\/logo\\\/image\\\/\",\"url\":\"https:\\\/\\\/jpevlogistics.com\\\/wp-content\\\/uploads\\\/2020\\\/07\\\/logo.png\",\"contentUrl\":\"https:\\\/\\\/jpevlogistics.com\\\/wp-content\\\/uploads\\\/2020\\\/07\\\/logo.png\",\"width\":214,\"height\":81,\"caption\":\"JPEV Logistics\"},\"image\":{\"@id\":\"https:\\\/\\\/jpevlogistics.com\\\/#\\\/schema\\\/logo\\\/image\\\/\"},\"sameAs\":[\"https:\\\/\\\/www.instagram.com\\\/jpevlogistics\\\/\",\"https:\\\/\\\/www.linkedin.com\\\/company\\\/jpev-logistics\\\/\"]},{\"@type\":\"Person\",\"@id\":\"https:\\\/\\\/jpevlogistics.com\\\/#\\\/schema\\\/person\\\/5cb83ed90e4ad10651470058bc190e62\",\"name\":\"horacio\",\"image\":{\"@type\":\"ImageObject\",\"inLanguage\":\"en-US\",\"@id\":\"https:\\\/\\\/secure.gravatar.com\\\/avatar\\\/49ba85a39487c51406dba7224109c3b2296f15c3dd1931dd024e3f540b12ea7d?s=96&d=mm&r=g\",\"url\":\"https:\\\/\\\/secure.gravatar.com\\\/avatar\\\/49ba85a39487c51406dba7224109c3b2296f15c3dd1931dd024e3f540b12ea7d?s=96&d=mm&r=g\",\"contentUrl\":\"https:\\\/\\\/secure.gravatar.com\\\/avatar\\\/49ba85a39487c51406dba7224109c3b2296f15c3dd1931dd024e3f540b12ea7d?s=96&d=mm&r=g\",\"caption\":\"horacio\"},\"url\":\"https:\\\/\\\/jpevlogistics.com\\\/en\\\/author\\\/horacio\\\/\"}]}<\/script>\n<!-- \/ Yoast SEO plugin. -->","yoast_head_json":{"title":"Nuestra visi\u00f3n para la log\u00edstica internacional en 2026 - JPEV Logistics","robots":{"index":"index","follow":"follow","max-snippet":"max-snippet:-1","max-image-preview":"max-image-preview:large","max-video-preview":"max-video-preview:-1"},"canonical":"https:\/\/jpevlogistics.com\/en\/nuestra-vision-para-la-logistica-internacional-en-2026\/","og_locale":"en_US","og_type":"article","og_title":"Nuestra visi\u00f3n para la log\u00edstica internacional en 2026 - JPEV Logistics","og_description":"19\/11\/2025 &#8211; El futuro en la regi\u00f3n para el servicio log\u00edstico La log\u00edstica internacional atraviesa un momento de transformaci\u00f3n profunda. El pr\u00f3ximo a\u00f1o traer\u00e1 consigo cambios que impactar\u00e1n directamente en la regi\u00f3n latinoamericana, y desde nuestra empresa queremos compartir c\u00f3mo vemos este escenario y c\u00f3mo nos preparamos para acompa\u00f1ar a nuestros clientes. Tendencias globales que [&hellip;]","og_url":"https:\/\/jpevlogistics.com\/en\/nuestra-vision-para-la-logistica-internacional-en-2026\/","og_site_name":"JPEV Logistics","article_published_time":"2025-11-19T11:05:58+00:00","article_modified_time":"2025-11-19T17:16:21+00:00","og_image":[{"width":600,"height":398,"url":"https:\/\/jpevlogistics.com\/wp-content\/uploads\/2025\/11\/logistica-barco.webp","type":"image\/webp"}],"author":"horacio","twitter_card":"summary_large_image","twitter_misc":{"Written by":"horacio","Est. reading time":"2 minutes"},"schema":{"@context":"https:\/\/schema.org","@graph":[{"@type":"Article","@id":"https:\/\/jpevlogistics.com\/nuestra-vision-para-la-logistica-internacional-en-2026\/#article","isPartOf":{"@id":"https:\/\/jpevlogistics.com\/nuestra-vision-para-la-logistica-internacional-en-2026\/"},"author":{"name":"horacio","@id":"https:\/\/jpevlogistics.com\/#\/schema\/person\/5cb83ed90e4ad10651470058bc190e62"},"headline":"Nuestra visi\u00f3n para la log\u00edstica internacional en 2026","datePublished":"2025-11-19T11:05:58+00:00","dateModified":"2025-11-19T17:16:21+00:00","mainEntityOfPage":{"@id":"https:\/\/jpevlogistics.com\/nuestra-vision-para-la-logistica-internacional-en-2026\/"},"wordCount":425,"commentCount":0,"publisher":{"@id":"https:\/\/jpevlogistics.com\/#organization"},"image":{"@id":"https:\/\/jpevlogistics.com\/nuestra-vision-para-la-logistica-internacional-en-2026\/#primaryimage"},"thumbnailUrl":"https:\/\/jpevlogistics.com\/wp-content\/uploads\/2025\/11\/logistica-barco.webp","articleSection":["Sin categor\u00eda"],"inLanguage":"en-US","potentialAction":[{"@type":"CommentAction","name":"Comment","target":["https:\/\/jpevlogistics.com\/nuestra-vision-para-la-logistica-internacional-en-2026\/#respond"]}]},{"@type":"WebPage","@id":"https:\/\/jpevlogistics.com\/nuestra-vision-para-la-logistica-internacional-en-2026\/","url":"https:\/\/jpevlogistics.com\/nuestra-vision-para-la-logistica-internacional-en-2026\/","name":"Nuestra visi\u00f3n para la log\u00edstica internacional en 2026 - JPEV Logistics","isPartOf":{"@id":"https:\/\/jpevlogistics.com\/#website"},"primaryImageOfPage":{"@id":"https:\/\/jpevlogistics.com\/nuestra-vision-para-la-logistica-internacional-en-2026\/#primaryimage"},"image":{"@id":"https:\/\/jpevlogistics.com\/nuestra-vision-para-la-logistica-internacional-en-2026\/#primaryimage"},"thumbnailUrl":"https:\/\/jpevlogistics.com\/wp-content\/uploads\/2025\/11\/logistica-barco.webp","datePublished":"2025-11-19T11:05:58+00:00","dateModified":"2025-11-19T17:16:21+00:00","breadcrumb":{"@id":"https:\/\/jpevlogistics.com\/nuestra-vision-para-la-logistica-internacional-en-2026\/#breadcrumb"},"inLanguage":"en-US","potentialAction":[{"@type":"ReadAction","target":["https:\/\/jpevlogistics.com\/nuestra-vision-para-la-logistica-internacional-en-2026\/"]}]},{"@type":"ImageObject","inLanguage":"en-US","@id":"https:\/\/jpevlogistics.com\/nuestra-vision-para-la-logistica-internacional-en-2026\/#primaryimage","url":"https:\/\/jpevlogistics.com\/wp-content\/uploads\/2025\/11\/logistica-barco.webp","contentUrl":"https:\/\/jpevlogistics.com\/wp-content\/uploads\/2025\/11\/logistica-barco.webp","width":600,"height":398},{"@type":"BreadcrumbList","@id":"https:\/\/jpevlogistics.com\/nuestra-vision-para-la-logistica-internacional-en-2026\/#breadcrumb","itemListElement":[{"@type":"ListItem","position":1,"name":"Portada","item":"https:\/\/jpevlogistics.com\/"},{"@type":"ListItem","position":2,"name":"Nuestra visi\u00f3n para la log\u00edstica internacional en 2026"}]},{"@type":"WebSite","@id":"https:\/\/jpevlogistics.com\/#website","url":"https:\/\/jpevlogistics.com\/","name":"JPEV Logistics","description":"","publisher":{"@id":"https:\/\/jpevlogistics.com\/#organization"},"potentialAction":[{"@type":"SearchAction","target":{"@type":"EntryPoint","urlTemplate":"https:\/\/jpevlogistics.com\/?s={search_term_string}"},"query-input":{"@type":"PropertyValueSpecification","valueRequired":true,"valueName":"search_term_string"}}],"inLanguage":"en-US"},{"@type":"Organization","@id":"https:\/\/jpevlogistics.com\/#organization","name":"JPEV Logistics","url":"https:\/\/jpevlogistics.com\/","logo":{"@type":"ImageObject","inLanguage":"en-US","@id":"https:\/\/jpevlogistics.com\/#\/schema\/logo\/image\/","url":"https:\/\/jpevlogistics.com\/wp-content\/uploads\/2020\/07\/logo.png","contentUrl":"https:\/\/jpevlogistics.com\/wp-content\/uploads\/2020\/07\/logo.png","width":214,"height":81,"caption":"JPEV Logistics"},"image":{"@id":"https:\/\/jpevlogistics.com\/#\/schema\/logo\/image\/"},"sameAs":["https:\/\/www.instagram.com\/jpevlogistics\/","https:\/\/www.linkedin.com\/company\/jpev-logistics\/"]},{"@type":"Person","@id":"https:\/\/jpevlogistics.com\/#\/schema\/person\/5cb83ed90e4ad10651470058bc190e62","name":"horacio","image":{"@type":"ImageObject","inLanguage":"en-US","@id":"https:\/\/secure.gravatar.com\/avatar\/49ba85a39487c51406dba7224109c3b2296f15c3dd1931dd024e3f540b12ea7d?s=96&d=mm&r=g","url":"https:\/\/secure.gravatar.com\/avatar\/49ba85a39487c51406dba7224109c3b2296f15c3dd1931dd024e3f540b12ea7d?s=96&d=mm&r=g","contentUrl":"https:\/\/secure.gravatar.com\/avatar\/49ba85a39487c51406dba7224109c3b2296f15c3dd1931dd024e3f540b12ea7d?s=96&d=mm&r=g","caption":"horacio"},"url":"https:\/\/jpevlogistics.com\/en\/author\/horacio\/"}]}},"_links":{"self":[{"href":"https:\/\/jpevlogistics.com\/en\/wp-json\/wp\/v2\/posts\/9364","targetHints":{"allow":["GET"]}}],"collection":[{"href":"https:\/\/jpevlogistics.com\/en\/wp-json\/wp\/v2\/posts"}],"about":[{"href":"https:\/\/jpevlogistics.com\/en\/wp-json\/wp\/v2\/types\/post"}],"author":[{"embeddable":true,"href":"https:\/\/jpevlogistics.com\/en\/wp-json\/wp\/v2\/users\/4"}],"replies":[{"embeddable":true,"href":"https:\/\/jpevlogistics.com\/en\/wp-json\/wp\/v2\/comments?post=9364"}],"version-history":[{"count":3,"href":"https:\/\/jpevlogistics.com\/en\/wp-json\/wp\/v2\/posts\/9364\/revisions"}],"predecessor-version":[{"id":9374,"href":"https:\/\/jpevlogistics.com\/en\/wp-json\/wp\/v2\/posts\/9364\/revisions\/9374"}],"wp:featuredmedia":[{"embeddable":true,"href":"https:\/\/jpevlogistics.com\/en\/wp-json\/wp\/v2\/media\/9365"}],"wp:attachment":[{"href":"https:\/\/jpevlogistics.com\/en\/wp-json\/wp\/v2\/media?parent=9364"}],"wp:term":[{"taxonomy":"category","embeddable":true,"href":"https:\/\/jpevlogistics.com\/en\/wp-json\/wp\/v2\/categories?post=9364"},{"taxonomy":"post_tag","embeddable":true,"href":"https:\/\/jpevlogistics.com\/en\/wp-json\/wp\/v2\/tags?post=9364"}],"curies":[{"name":"wp","href":"https:\/\/api.w.org\/{rel}","templated":true}]}}