{"id":9368,"date":"2025-11-19T11:11:50","date_gmt":"2025-11-19T11:11:50","guid":{"rendered":"https:\/\/jpevlogistics.com\/?p=9368"},"modified":"2025-11-19T12:52:57","modified_gmt":"2025-11-19T12:52:57","slug":"transporte-maritimo-de-contenedores-exhibe-abruptas-caidas-de-fletes-en-rutas-asia-america-latina","status":"publish","type":"post","link":"https:\/\/jpevlogistics.com\/en\/transporte-maritimo-de-contenedores-exhibe-abruptas-caidas-de-fletes-en-rutas-asia-america-latina\/","title":{"rendered":"Transporte mar\u00edtimo de contenedores exhibe abruptas ca\u00eddas de fletes en rutas Asia-Am\u00e9rica Latina"},"content":{"rendered":"\n<p>19\/11\/2025 &#8211; En tanto, el sector a nivel global se muestra fragmentado y con se\u00f1ales mixtas<\/p>\n\n\n\n<p>Los datos m\u00e1s recientes muestran un escenario fragmentado para la industria global de transporte mar\u00edtimo de contenedores, con presiones a la baja en Am\u00e9rica Latina y se\u00f1ales divergentes entre Asia-Europa y el Transpac\u00edfico.<\/p>\n\n\n\n<figure class=\"wp-block-image size-full\"><img fetchpriority=\"high\" decoding=\"async\" width=\"798\" height=\"598\" src=\"https:\/\/jpevlogistics.com\/wp-content\/uploads\/2025\/11\/fletes-a-la-baja-.jpeg\" alt=\"\" class=\"wp-image-9369\" srcset=\"https:\/\/jpevlogistics.com\/wp-content\/uploads\/2025\/11\/fletes-a-la-baja-.jpeg 798w, https:\/\/jpevlogistics.com\/wp-content\/uploads\/2025\/11\/fletes-a-la-baja--300x225.jpeg 300w, https:\/\/jpevlogistics.com\/wp-content\/uploads\/2025\/11\/fletes-a-la-baja--768x576.jpeg 768w, https:\/\/jpevlogistics.com\/wp-content\/uploads\/2025\/11\/fletes-a-la-baja--16x12.jpeg 16w\" sizes=\"(max-width: 798px) 100vw, 798px\" \/><\/figure>\n\n\n\n<p>Las tarifas&nbsp;<em>spot<\/em>&nbsp;del&nbsp;<em>World Container Index<\/em>&nbsp;(WCI) de&nbsp;<em>Drewry&nbsp;<\/em>muestran que \u201clas rutas Asia-Europa y Transpac\u00edfico se est\u00e1n moviendo en direcciones diferentes\u201d. Mientras las tarifas Asia\u2013Norte de Europa encadenaron su quinta semana al alza \u2014acumulando un incremento de US$451\/FEU hasta los US$2.028\/FEU\u2014 y Asia\u2013Mediterr\u00e1neo subieron US$400\/FEU hasta los US$2.193\/FEU, el Transpac\u00edfico sufri\u00f3 un retroceso abrupto: USWC cedi\u00f3 el 68% del alza de las semanas previas hasta los US$2.328\/FEU y USEC el 90% hasta los UA$3.254\/FEU.&nbsp;<\/p>\n\n\n\n<p>Para&nbsp;<strong>Am\u00e9rica Latina<\/strong>, la se\u00f1al es a\u00fan m\u00e1s negativa. el analista de la industria mar\u00edtima&nbsp;<em>Lars Jensen<\/em>&nbsp;advierte que las tarifas del \u00cdndice de Carga Contenedorizada de Shangh\u00e1i (SCFI) hacia la regi\u00f3n est\u00e1 cayendo con fuerza: \u201cA la costa este de Sudam\u00e9rica cay\u00f3 casi US$900\/TEU en una semana y la costa oeste m\u00e1s de US$400\/TEU, regresando a niveles de mayo de 2025\u201d. La correcci\u00f3n sugiere el desarme del repunte asociado a la demanda estacional y a desv\u00edos de capacidad ocurridos previamente en el a\u00f1o.<\/p>\n\n\n\n<p>En paralelo,&nbsp;<em>Drewry<\/em>&nbsp;confirma que los mercados contin\u00faan blandos. El&nbsp;<em>Cancelled Sailings Tracker<\/em>&nbsp;de la consultora indica que entre las semanas 47 y 51 \u201cel 7% de los zarpes programados ha sido cancelado\u201d, con predominio de&nbsp;<strong><em>blank sailings<\/em><\/strong>&nbsp;en el Transpac\u00edfico direcci\u00f3n este (62%) y Asia\u2013Europa (24%). Aunque 93% de los itinerarios sigue en pie, la oferta contin\u00faa siendo elevada: De hecho, noviembre incorpora 73 cancelaciones\u2014menos que las 96 de octubre\u2014 a\u00f1adiendo \u201calrededor de 5% m\u00e1s de capacidad en la comparaci\u00f3n mes a mes\u201d. Diciembre traer\u00e1 a\u00fan m\u00e1s espacio, limitando opciones de recuperaci\u00f3n tarifaria.<\/p>\n\n\n\n<p>Los recientes&nbsp;<strong>resultados financieros<\/strong>&nbsp;de las l\u00edneas navieras tambi\u00e9n reflejan esta presi\u00f3n. Por ejemplo, CMA CGM report\u00f3 un EBITDA de US$2.200 millones, la mitad del nivel del a\u00f1o anterior, aunque con un margen del 24,9%, superior al de varios competidores. Seg\u00fan&nbsp;<em>Jensen<\/em>, \u201cdesde la perspectiva del EBITDA, es un buen resultado, aun cuando el grupo sacrific\u00f3 una fracci\u00f3n de participaci\u00f3n de mercado en vol\u00famenes (+2,3%) a cambio de una ca\u00edda menos pronunciada en el ingreso por TEU\u201d. En contraste, Maersk creci\u00f3 7,0% en vol\u00famenes pero vio una contracci\u00f3n tarifaria de m\u00e1s del 30%.<\/p>\n\n\n\n<p>En el&nbsp;<strong>plano geopol\u00edtico<\/strong>, Estados Unidos profundiz\u00f3 su giro comercial bajo la administraci\u00f3n Trump.&nbsp;<em>Jensen<\/em>&nbsp;se\u00f1ala que el presidente \u201ceximi\u00f3 a\u00fan m\u00e1s productos agr\u00edcolas de aranceles rec\u00edprocos, incluyendo carnes, tomates, bananas, paltas, pi\u00f1as, naranjas, caf\u00e9, t\u00e9 y cacao\u201d. Varios de estos bienes son exportaciones clave para Am\u00e9rica Latina.<\/p>\n\n\n\n<p>Adem\u00e1s, Washington anunci\u00f3 nuevos acuerdos con&nbsp;<strong>El Salvador, Argentina, Ecuador y Guatemala<\/strong>. Estos pa\u00edses flexibilizan medidas no arancelarias, mientras EE. UU. otorgar\u00e1 trato de \u201cNaci\u00f3n M\u00e1s Favorecida\u201d a bienes que no produce en cantidad suficiente. Para El Salvador y Guatemala, incluso se eliminar\u00e1n aranceles rec\u00edprocos en \u201cciertos productos textiles y de confecci\u00f3n bajo el DR-CAFTA [Tratado de Libre Comercio entre EE. UU., Centroam\u00e9rica y Rep\u00fablica Dominicana].\u201d, un movimiento con potencial para reconfigurar cadenas de suministro regionales.<\/p>\n\n\n\n<p>En el&nbsp;<strong>transporte de carga a\u00e9rea<\/strong>, el panorama tambi\u00e9n muestra distorsiones. Seg\u00fan&nbsp;<em>Judah Levine<\/em>, director de Investigaci\u00f3n de&nbsp;<em>Freightos<\/em>, el&nbsp;<em>shutdown<\/em>&nbsp;federal en EE. UU. [cierre parcial del gobierno federal cuando el Congreso no aprueba a tiempo el presupuesto o las leyes de financiamiento] provoc\u00f3 \u201cuna reducci\u00f3n del 10% en vuelos, afectando la carga de bodega\u201d, aunque sin impacto severo sobre el mercado total, dado que los vuelos cargueros siguen operando. Las tarifas intra-Norteam\u00e9rica permanecen estables en US$1,60\/kg.<\/p>\n\n\n\n<p>Las modificaciones a las normativas de minimis \u2014que afectaron el&nbsp;<em>e-commerce&nbsp;<\/em>chino hacia EE. UU.\u2014 generaron una ca\u00edda abrupta en los vol\u00famenes, aunque \u201clos datos recientes muestran un rebote gradual\u201d. Debido a los desv\u00edos de capacidad, las tarifas China\u2013EE. UU. subieron 4% la \u00faltima semana a US$6,30\/kg, todav\u00eda por debajo del nivel de 2024. Hacia Europa, el segmento sigue din\u00e1mico pese a se\u00f1ales de resistencia a la regulaci\u00f3n: por ejemplo, Francia anunci\u00f3 \u201cinspecciones reforzadas para todas las importaciones de&nbsp;<em>e-commerce<\/em>\u201d, generando congesti\u00f3n en el Aeropuerto Charles de Gaulle.<\/p>\n","protected":false},"excerpt":{"rendered":"<p>19\/11\/2025 &#8211; En tanto, el sector a nivel global se muestra fragmentado y con se\u00f1ales mixtas Los datos m\u00e1s recientes muestran un escenario fragmentado para la industria global de transporte mar\u00edtimo de contenedores, con presiones a la baja en Am\u00e9rica Latina y se\u00f1ales divergentes entre Asia-Europa y el Transpac\u00edfico. Las tarifas&nbsp;spot&nbsp;del&nbsp;World Container Index&nbsp;(WCI) de&nbsp;Drewry&nbsp;muestran que [&hellip;]<\/p>\n","protected":false},"author":4,"featured_media":9369,"comment_status":"open","ping_status":"open","sticky":false,"template":"","format":"standard","meta":{"footnotes":""},"categories":[1],"tags":[],"class_list":["post-9368","post","type-post","status-publish","format-standard","has-post-thumbnail","hentry","category-sin-categoria"],"yoast_head":"<!-- This site is optimized with the Yoast SEO plugin v27.4 - https:\/\/yoast.com\/product\/yoast-seo-wordpress\/ -->\n<title>Transporte mar\u00edtimo de contenedores exhibe abruptas ca\u00eddas de fletes en rutas Asia-Am\u00e9rica Latina - JPEV Logistics<\/title>\n<meta name=\"robots\" content=\"index, follow, max-snippet:-1, max-image-preview:large, max-video-preview:-1\" \/>\n<link rel=\"canonical\" href=\"https:\/\/jpevlogistics.com\/en\/transporte-maritimo-de-contenedores-exhibe-abruptas-caidas-de-fletes-en-rutas-asia-america-latina\/\" \/>\n<meta property=\"og:locale\" content=\"en_US\" \/>\n<meta property=\"og:type\" content=\"article\" \/>\n<meta property=\"og:title\" content=\"Transporte mar\u00edtimo de contenedores exhibe abruptas ca\u00eddas de fletes en rutas Asia-Am\u00e9rica Latina - JPEV Logistics\" \/>\n<meta property=\"og:description\" content=\"19\/11\/2025 &#8211; En tanto, el sector a nivel global se muestra fragmentado y con se\u00f1ales mixtas Los datos m\u00e1s recientes muestran un escenario fragmentado para la industria global de transporte mar\u00edtimo de contenedores, con presiones a la baja en Am\u00e9rica Latina y se\u00f1ales divergentes entre Asia-Europa y el Transpac\u00edfico. Las tarifas&nbsp;spot&nbsp;del&nbsp;World Container Index&nbsp;(WCI) de&nbsp;Drewry&nbsp;muestran que [&hellip;]\" \/>\n<meta property=\"og:url\" content=\"https:\/\/jpevlogistics.com\/en\/transporte-maritimo-de-contenedores-exhibe-abruptas-caidas-de-fletes-en-rutas-asia-america-latina\/\" \/>\n<meta property=\"og:site_name\" content=\"JPEV Logistics\" \/>\n<meta property=\"article:published_time\" content=\"2025-11-19T11:11:50+00:00\" \/>\n<meta property=\"article:modified_time\" content=\"2025-11-19T12:52:57+00:00\" \/>\n<meta property=\"og:image\" content=\"https:\/\/jpevlogistics.com\/wp-content\/uploads\/2025\/11\/fletes-a-la-baja-.jpeg\" \/>\n\t<meta property=\"og:image:width\" content=\"798\" \/>\n\t<meta property=\"og:image:height\" content=\"598\" \/>\n\t<meta property=\"og:image:type\" content=\"image\/jpeg\" \/>\n<meta name=\"author\" content=\"horacio\" \/>\n<meta name=\"twitter:card\" content=\"summary_large_image\" \/>\n<meta name=\"twitter:label1\" content=\"Written by\" \/>\n\t<meta name=\"twitter:data1\" content=\"horacio\" \/>\n\t<meta name=\"twitter:label2\" content=\"Est. reading time\" \/>\n\t<meta name=\"twitter:data2\" content=\"4 minutes\" \/>\n<script type=\"application\/ld+json\" class=\"yoast-schema-graph\">{\"@context\":\"https:\\\/\\\/schema.org\",\"@graph\":[{\"@type\":\"Article\",\"@id\":\"https:\\\/\\\/jpevlogistics.com\\\/en\\\/transporte-maritimo-de-contenedores-exhibe-abruptas-caidas-de-fletes-en-rutas-asia-america-latina\\\/#article\",\"isPartOf\":{\"@id\":\"https:\\\/\\\/jpevlogistics.com\\\/en\\\/transporte-maritimo-de-contenedores-exhibe-abruptas-caidas-de-fletes-en-rutas-asia-america-latina\\\/\"},\"author\":{\"name\":\"horacio\",\"@id\":\"https:\\\/\\\/jpevlogistics.com\\\/#\\\/schema\\\/person\\\/5cb83ed90e4ad10651470058bc190e62\"},\"headline\":\"Transporte mar\u00edtimo de contenedores exhibe abruptas ca\u00eddas de fletes en rutas Asia-Am\u00e9rica Latina\",\"datePublished\":\"2025-11-19T11:11:50+00:00\",\"dateModified\":\"2025-11-19T12:52:57+00:00\",\"mainEntityOfPage\":{\"@id\":\"https:\\\/\\\/jpevlogistics.com\\\/en\\\/transporte-maritimo-de-contenedores-exhibe-abruptas-caidas-de-fletes-en-rutas-asia-america-latina\\\/\"},\"wordCount\":804,\"commentCount\":1,\"publisher\":{\"@id\":\"https:\\\/\\\/jpevlogistics.com\\\/#organization\"},\"image\":{\"@id\":\"https:\\\/\\\/jpevlogistics.com\\\/en\\\/transporte-maritimo-de-contenedores-exhibe-abruptas-caidas-de-fletes-en-rutas-asia-america-latina\\\/#primaryimage\"},\"thumbnailUrl\":\"https:\\\/\\\/jpevlogistics.com\\\/wp-content\\\/uploads\\\/2025\\\/11\\\/fletes-a-la-baja-.jpeg\",\"articleSection\":[\"Sin categor\u00eda\"],\"inLanguage\":\"en-US\",\"potentialAction\":[{\"@type\":\"CommentAction\",\"name\":\"Comment\",\"target\":[\"https:\\\/\\\/jpevlogistics.com\\\/en\\\/transporte-maritimo-de-contenedores-exhibe-abruptas-caidas-de-fletes-en-rutas-asia-america-latina\\\/#respond\"]}]},{\"@type\":\"WebPage\",\"@id\":\"https:\\\/\\\/jpevlogistics.com\\\/en\\\/transporte-maritimo-de-contenedores-exhibe-abruptas-caidas-de-fletes-en-rutas-asia-america-latina\\\/\",\"url\":\"https:\\\/\\\/jpevlogistics.com\\\/en\\\/transporte-maritimo-de-contenedores-exhibe-abruptas-caidas-de-fletes-en-rutas-asia-america-latina\\\/\",\"name\":\"Transporte mar\u00edtimo de contenedores exhibe abruptas ca\u00eddas de fletes en rutas Asia-Am\u00e9rica Latina - JPEV Logistics\",\"isPartOf\":{\"@id\":\"https:\\\/\\\/jpevlogistics.com\\\/#website\"},\"primaryImageOfPage\":{\"@id\":\"https:\\\/\\\/jpevlogistics.com\\\/en\\\/transporte-maritimo-de-contenedores-exhibe-abruptas-caidas-de-fletes-en-rutas-asia-america-latina\\\/#primaryimage\"},\"image\":{\"@id\":\"https:\\\/\\\/jpevlogistics.com\\\/en\\\/transporte-maritimo-de-contenedores-exhibe-abruptas-caidas-de-fletes-en-rutas-asia-america-latina\\\/#primaryimage\"},\"thumbnailUrl\":\"https:\\\/\\\/jpevlogistics.com\\\/wp-content\\\/uploads\\\/2025\\\/11\\\/fletes-a-la-baja-.jpeg\",\"datePublished\":\"2025-11-19T11:11:50+00:00\",\"dateModified\":\"2025-11-19T12:52:57+00:00\",\"breadcrumb\":{\"@id\":\"https:\\\/\\\/jpevlogistics.com\\\/en\\\/transporte-maritimo-de-contenedores-exhibe-abruptas-caidas-de-fletes-en-rutas-asia-america-latina\\\/#breadcrumb\"},\"inLanguage\":\"en-US\",\"potentialAction\":[{\"@type\":\"ReadAction\",\"target\":[\"https:\\\/\\\/jpevlogistics.com\\\/en\\\/transporte-maritimo-de-contenedores-exhibe-abruptas-caidas-de-fletes-en-rutas-asia-america-latina\\\/\"]}]},{\"@type\":\"ImageObject\",\"inLanguage\":\"en-US\",\"@id\":\"https:\\\/\\\/jpevlogistics.com\\\/en\\\/transporte-maritimo-de-contenedores-exhibe-abruptas-caidas-de-fletes-en-rutas-asia-america-latina\\\/#primaryimage\",\"url\":\"https:\\\/\\\/jpevlogistics.com\\\/wp-content\\\/uploads\\\/2025\\\/11\\\/fletes-a-la-baja-.jpeg\",\"contentUrl\":\"https:\\\/\\\/jpevlogistics.com\\\/wp-content\\\/uploads\\\/2025\\\/11\\\/fletes-a-la-baja-.jpeg\",\"width\":798,\"height\":598},{\"@type\":\"BreadcrumbList\",\"@id\":\"https:\\\/\\\/jpevlogistics.com\\\/en\\\/transporte-maritimo-de-contenedores-exhibe-abruptas-caidas-de-fletes-en-rutas-asia-america-latina\\\/#breadcrumb\",\"itemListElement\":[{\"@type\":\"ListItem\",\"position\":1,\"name\":\"Portada\",\"item\":\"https:\\\/\\\/jpevlogistics.com\\\/\"},{\"@type\":\"ListItem\",\"position\":2,\"name\":\"Transporte mar\u00edtimo de contenedores exhibe abruptas ca\u00eddas de fletes en rutas Asia-Am\u00e9rica Latina\"}]},{\"@type\":\"WebSite\",\"@id\":\"https:\\\/\\\/jpevlogistics.com\\\/#website\",\"url\":\"https:\\\/\\\/jpevlogistics.com\\\/\",\"name\":\"JPEV Logistics\",\"description\":\"\",\"publisher\":{\"@id\":\"https:\\\/\\\/jpevlogistics.com\\\/#organization\"},\"potentialAction\":[{\"@type\":\"SearchAction\",\"target\":{\"@type\":\"EntryPoint\",\"urlTemplate\":\"https:\\\/\\\/jpevlogistics.com\\\/?s={search_term_string}\"},\"query-input\":{\"@type\":\"PropertyValueSpecification\",\"valueRequired\":true,\"valueName\":\"search_term_string\"}}],\"inLanguage\":\"en-US\"},{\"@type\":\"Organization\",\"@id\":\"https:\\\/\\\/jpevlogistics.com\\\/#organization\",\"name\":\"JPEV Logistics\",\"url\":\"https:\\\/\\\/jpevlogistics.com\\\/\",\"logo\":{\"@type\":\"ImageObject\",\"inLanguage\":\"en-US\",\"@id\":\"https:\\\/\\\/jpevlogistics.com\\\/#\\\/schema\\\/logo\\\/image\\\/\",\"url\":\"https:\\\/\\\/jpevlogistics.com\\\/wp-content\\\/uploads\\\/2020\\\/07\\\/logo.png\",\"contentUrl\":\"https:\\\/\\\/jpevlogistics.com\\\/wp-content\\\/uploads\\\/2020\\\/07\\\/logo.png\",\"width\":214,\"height\":81,\"caption\":\"JPEV Logistics\"},\"image\":{\"@id\":\"https:\\\/\\\/jpevlogistics.com\\\/#\\\/schema\\\/logo\\\/image\\\/\"},\"sameAs\":[\"https:\\\/\\\/www.instagram.com\\\/jpevlogistics\\\/\",\"https:\\\/\\\/www.linkedin.com\\\/company\\\/jpev-logistics\\\/\"]},{\"@type\":\"Person\",\"@id\":\"https:\\\/\\\/jpevlogistics.com\\\/#\\\/schema\\\/person\\\/5cb83ed90e4ad10651470058bc190e62\",\"name\":\"horacio\",\"image\":{\"@type\":\"ImageObject\",\"inLanguage\":\"en-US\",\"@id\":\"https:\\\/\\\/secure.gravatar.com\\\/avatar\\\/49ba85a39487c51406dba7224109c3b2296f15c3dd1931dd024e3f540b12ea7d?s=96&d=mm&r=g\",\"url\":\"https:\\\/\\\/secure.gravatar.com\\\/avatar\\\/49ba85a39487c51406dba7224109c3b2296f15c3dd1931dd024e3f540b12ea7d?s=96&d=mm&r=g\",\"contentUrl\":\"https:\\\/\\\/secure.gravatar.com\\\/avatar\\\/49ba85a39487c51406dba7224109c3b2296f15c3dd1931dd024e3f540b12ea7d?s=96&d=mm&r=g\",\"caption\":\"horacio\"},\"url\":\"https:\\\/\\\/jpevlogistics.com\\\/en\\\/author\\\/horacio\\\/\"}]}<\/script>\n<!-- \/ Yoast SEO plugin. -->","yoast_head_json":{"title":"Transporte mar\u00edtimo de contenedores exhibe abruptas ca\u00eddas de fletes en rutas Asia-Am\u00e9rica Latina - JPEV Logistics","robots":{"index":"index","follow":"follow","max-snippet":"max-snippet:-1","max-image-preview":"max-image-preview:large","max-video-preview":"max-video-preview:-1"},"canonical":"https:\/\/jpevlogistics.com\/en\/transporte-maritimo-de-contenedores-exhibe-abruptas-caidas-de-fletes-en-rutas-asia-america-latina\/","og_locale":"en_US","og_type":"article","og_title":"Transporte mar\u00edtimo de contenedores exhibe abruptas ca\u00eddas de fletes en rutas Asia-Am\u00e9rica Latina - JPEV Logistics","og_description":"19\/11\/2025 &#8211; En tanto, el sector a nivel global se muestra fragmentado y con se\u00f1ales mixtas Los datos m\u00e1s recientes muestran un escenario fragmentado para la industria global de transporte mar\u00edtimo de contenedores, con presiones a la baja en Am\u00e9rica Latina y se\u00f1ales divergentes entre Asia-Europa y el Transpac\u00edfico. Las tarifas&nbsp;spot&nbsp;del&nbsp;World Container Index&nbsp;(WCI) de&nbsp;Drewry&nbsp;muestran que [&hellip;]","og_url":"https:\/\/jpevlogistics.com\/en\/transporte-maritimo-de-contenedores-exhibe-abruptas-caidas-de-fletes-en-rutas-asia-america-latina\/","og_site_name":"JPEV Logistics","article_published_time":"2025-11-19T11:11:50+00:00","article_modified_time":"2025-11-19T12:52:57+00:00","og_image":[{"width":798,"height":598,"url":"https:\/\/jpevlogistics.com\/wp-content\/uploads\/2025\/11\/fletes-a-la-baja-.jpeg","type":"image\/jpeg"}],"author":"horacio","twitter_card":"summary_large_image","twitter_misc":{"Written by":"horacio","Est. reading time":"4 minutes"},"schema":{"@context":"https:\/\/schema.org","@graph":[{"@type":"Article","@id":"https:\/\/jpevlogistics.com\/en\/transporte-maritimo-de-contenedores-exhibe-abruptas-caidas-de-fletes-en-rutas-asia-america-latina\/#article","isPartOf":{"@id":"https:\/\/jpevlogistics.com\/en\/transporte-maritimo-de-contenedores-exhibe-abruptas-caidas-de-fletes-en-rutas-asia-america-latina\/"},"author":{"name":"horacio","@id":"https:\/\/jpevlogistics.com\/#\/schema\/person\/5cb83ed90e4ad10651470058bc190e62"},"headline":"Transporte mar\u00edtimo de contenedores exhibe abruptas ca\u00eddas de fletes en rutas Asia-Am\u00e9rica Latina","datePublished":"2025-11-19T11:11:50+00:00","dateModified":"2025-11-19T12:52:57+00:00","mainEntityOfPage":{"@id":"https:\/\/jpevlogistics.com\/en\/transporte-maritimo-de-contenedores-exhibe-abruptas-caidas-de-fletes-en-rutas-asia-america-latina\/"},"wordCount":804,"commentCount":1,"publisher":{"@id":"https:\/\/jpevlogistics.com\/#organization"},"image":{"@id":"https:\/\/jpevlogistics.com\/en\/transporte-maritimo-de-contenedores-exhibe-abruptas-caidas-de-fletes-en-rutas-asia-america-latina\/#primaryimage"},"thumbnailUrl":"https:\/\/jpevlogistics.com\/wp-content\/uploads\/2025\/11\/fletes-a-la-baja-.jpeg","articleSection":["Sin categor\u00eda"],"inLanguage":"en-US","potentialAction":[{"@type":"CommentAction","name":"Comment","target":["https:\/\/jpevlogistics.com\/en\/transporte-maritimo-de-contenedores-exhibe-abruptas-caidas-de-fletes-en-rutas-asia-america-latina\/#respond"]}]},{"@type":"WebPage","@id":"https:\/\/jpevlogistics.com\/en\/transporte-maritimo-de-contenedores-exhibe-abruptas-caidas-de-fletes-en-rutas-asia-america-latina\/","url":"https:\/\/jpevlogistics.com\/en\/transporte-maritimo-de-contenedores-exhibe-abruptas-caidas-de-fletes-en-rutas-asia-america-latina\/","name":"Transporte mar\u00edtimo de contenedores exhibe abruptas ca\u00eddas de fletes en rutas Asia-Am\u00e9rica Latina - JPEV Logistics","isPartOf":{"@id":"https:\/\/jpevlogistics.com\/#website"},"primaryImageOfPage":{"@id":"https:\/\/jpevlogistics.com\/en\/transporte-maritimo-de-contenedores-exhibe-abruptas-caidas-de-fletes-en-rutas-asia-america-latina\/#primaryimage"},"image":{"@id":"https:\/\/jpevlogistics.com\/en\/transporte-maritimo-de-contenedores-exhibe-abruptas-caidas-de-fletes-en-rutas-asia-america-latina\/#primaryimage"},"thumbnailUrl":"https:\/\/jpevlogistics.com\/wp-content\/uploads\/2025\/11\/fletes-a-la-baja-.jpeg","datePublished":"2025-11-19T11:11:50+00:00","dateModified":"2025-11-19T12:52:57+00:00","breadcrumb":{"@id":"https:\/\/jpevlogistics.com\/en\/transporte-maritimo-de-contenedores-exhibe-abruptas-caidas-de-fletes-en-rutas-asia-america-latina\/#breadcrumb"},"inLanguage":"en-US","potentialAction":[{"@type":"ReadAction","target":["https:\/\/jpevlogistics.com\/en\/transporte-maritimo-de-contenedores-exhibe-abruptas-caidas-de-fletes-en-rutas-asia-america-latina\/"]}]},{"@type":"ImageObject","inLanguage":"en-US","@id":"https:\/\/jpevlogistics.com\/en\/transporte-maritimo-de-contenedores-exhibe-abruptas-caidas-de-fletes-en-rutas-asia-america-latina\/#primaryimage","url":"https:\/\/jpevlogistics.com\/wp-content\/uploads\/2025\/11\/fletes-a-la-baja-.jpeg","contentUrl":"https:\/\/jpevlogistics.com\/wp-content\/uploads\/2025\/11\/fletes-a-la-baja-.jpeg","width":798,"height":598},{"@type":"BreadcrumbList","@id":"https:\/\/jpevlogistics.com\/en\/transporte-maritimo-de-contenedores-exhibe-abruptas-caidas-de-fletes-en-rutas-asia-america-latina\/#breadcrumb","itemListElement":[{"@type":"ListItem","position":1,"name":"Portada","item":"https:\/\/jpevlogistics.com\/"},{"@type":"ListItem","position":2,"name":"Transporte mar\u00edtimo de contenedores exhibe abruptas ca\u00eddas de fletes en rutas Asia-Am\u00e9rica Latina"}]},{"@type":"WebSite","@id":"https:\/\/jpevlogistics.com\/#website","url":"https:\/\/jpevlogistics.com\/","name":"JPEV Logistics","description":"","publisher":{"@id":"https:\/\/jpevlogistics.com\/#organization"},"potentialAction":[{"@type":"SearchAction","target":{"@type":"EntryPoint","urlTemplate":"https:\/\/jpevlogistics.com\/?s={search_term_string}"},"query-input":{"@type":"PropertyValueSpecification","valueRequired":true,"valueName":"search_term_string"}}],"inLanguage":"en-US"},{"@type":"Organization","@id":"https:\/\/jpevlogistics.com\/#organization","name":"JPEV Logistics","url":"https:\/\/jpevlogistics.com\/","logo":{"@type":"ImageObject","inLanguage":"en-US","@id":"https:\/\/jpevlogistics.com\/#\/schema\/logo\/image\/","url":"https:\/\/jpevlogistics.com\/wp-content\/uploads\/2020\/07\/logo.png","contentUrl":"https:\/\/jpevlogistics.com\/wp-content\/uploads\/2020\/07\/logo.png","width":214,"height":81,"caption":"JPEV Logistics"},"image":{"@id":"https:\/\/jpevlogistics.com\/#\/schema\/logo\/image\/"},"sameAs":["https:\/\/www.instagram.com\/jpevlogistics\/","https:\/\/www.linkedin.com\/company\/jpev-logistics\/"]},{"@type":"Person","@id":"https:\/\/jpevlogistics.com\/#\/schema\/person\/5cb83ed90e4ad10651470058bc190e62","name":"horacio","image":{"@type":"ImageObject","inLanguage":"en-US","@id":"https:\/\/secure.gravatar.com\/avatar\/49ba85a39487c51406dba7224109c3b2296f15c3dd1931dd024e3f540b12ea7d?s=96&d=mm&r=g","url":"https:\/\/secure.gravatar.com\/avatar\/49ba85a39487c51406dba7224109c3b2296f15c3dd1931dd024e3f540b12ea7d?s=96&d=mm&r=g","contentUrl":"https:\/\/secure.gravatar.com\/avatar\/49ba85a39487c51406dba7224109c3b2296f15c3dd1931dd024e3f540b12ea7d?s=96&d=mm&r=g","caption":"horacio"},"url":"https:\/\/jpevlogistics.com\/en\/author\/horacio\/"}]}},"_links":{"self":[{"href":"https:\/\/jpevlogistics.com\/en\/wp-json\/wp\/v2\/posts\/9368","targetHints":{"allow":["GET"]}}],"collection":[{"href":"https:\/\/jpevlogistics.com\/en\/wp-json\/wp\/v2\/posts"}],"about":[{"href":"https:\/\/jpevlogistics.com\/en\/wp-json\/wp\/v2\/types\/post"}],"author":[{"embeddable":true,"href":"https:\/\/jpevlogistics.com\/en\/wp-json\/wp\/v2\/users\/4"}],"replies":[{"embeddable":true,"href":"https:\/\/jpevlogistics.com\/en\/wp-json\/wp\/v2\/comments?post=9368"}],"version-history":[{"count":1,"href":"https:\/\/jpevlogistics.com\/en\/wp-json\/wp\/v2\/posts\/9368\/revisions"}],"predecessor-version":[{"id":9370,"href":"https:\/\/jpevlogistics.com\/en\/wp-json\/wp\/v2\/posts\/9368\/revisions\/9370"}],"wp:featuredmedia":[{"embeddable":true,"href":"https:\/\/jpevlogistics.com\/en\/wp-json\/wp\/v2\/media\/9369"}],"wp:attachment":[{"href":"https:\/\/jpevlogistics.com\/en\/wp-json\/wp\/v2\/media?parent=9368"}],"wp:term":[{"taxonomy":"category","embeddable":true,"href":"https:\/\/jpevlogistics.com\/en\/wp-json\/wp\/v2\/categories?post=9368"},{"taxonomy":"post_tag","embeddable":true,"href":"https:\/\/jpevlogistics.com\/en\/wp-json\/wp\/v2\/tags?post=9368"}],"curies":[{"name":"wp","href":"https:\/\/api.w.org\/{rel}","templated":true}]}}