{"id":9383,"date":"2025-11-26T21:53:22","date_gmt":"2025-11-26T21:53:22","guid":{"rendered":"https:\/\/jpevlogistics.com\/?p=9383"},"modified":"2025-11-26T21:53:24","modified_gmt":"2025-11-26T21:53:24","slug":"tarifas-de-fletes-spot-retroceden-con-fuerza-y-sudamerica-resiente-capacidad-liberada-desde-rutas-hacia-ee-uu","status":"publish","type":"post","link":"https:\/\/jpevlogistics.com\/en\/tarifas-de-fletes-spot-retroceden-con-fuerza-y-sudamerica-resiente-capacidad-liberada-desde-rutas-hacia-ee-uu\/","title":{"rendered":"Tarifas de fletes spot retroceden con fuerza y Sudam\u00e9rica resiente capacidad liberada desde rutas hacia EE.UU."},"content":{"rendered":"<p>26\/11\/2025 &#8211; <strong>Mientras la ca\u00edda se profundiza, intentos de incrementos por parte de las l\u00edneas navieras pierden tracci\u00f3n<\/strong><a href=\"https:\/\/www.mundomaritimo.cl\/noticias\/friend\/54762\"><\/a><\/p>\n\n\n\n<p>La tendencia descendente de las tarifas de fletes&nbsp;<em>spot&nbsp;<\/em>muestra pocos signos de freno. Seg\u00fan apunta&nbsp;<em>Lars Jensen<\/em>, analista de la industria mar\u00edtima, \u201clas tarifas hacia la Costa Este de Sudam\u00e9rica cayeron a US$1.386\/TEU, una baja de US$1.272\/TEU en cinco semanas\u201d, mientras que hacia la Costa Oeste de Sudam\u00e9rica se ubican en US$1.244\/TEU, retrocediendo US$566\/TEUs desde su&nbsp;<em>peak<\/em>&nbsp;hace tres semanas atr\u00e1s. En ambos casos, se\u00f1ala, esto implica \u201cm\u00e1s que una completa reversi\u00f3n de los aumentos de fines de octubre\u201d.<\/p>\n\n\n\n<figure class=\"wp-block-image size-full\"><img fetchpriority=\"high\" decoding=\"async\" width=\"798\" height=\"598\" src=\"https:\/\/jpevlogistics.com\/wp-content\/uploads\/2025\/11\/tarifas-spot-bajan-1-1.jpeg\" alt=\"\" class=\"wp-image-9384\" srcset=\"https:\/\/jpevlogistics.com\/wp-content\/uploads\/2025\/11\/tarifas-spot-bajan-1-1.jpeg 798w, https:\/\/jpevlogistics.com\/wp-content\/uploads\/2025\/11\/tarifas-spot-bajan-1-1-300x225.jpeg 300w, https:\/\/jpevlogistics.com\/wp-content\/uploads\/2025\/11\/tarifas-spot-bajan-1-1-768x576.jpeg 768w, https:\/\/jpevlogistics.com\/wp-content\/uploads\/2025\/11\/tarifas-spot-bajan-1-1-16x12.jpeg 16w\" sizes=\"(max-width: 798px) 100vw, 798px\" \/><\/figure>\n\n\n\n<p>Este ajuste contrasta con el intento de algunas navieras por impulsar tarifas en diciembre. Hapag-Lloyd anunci\u00f3 un incremento general de tarifas (GRI) de US$1.000\/FEU hacia Sudam\u00e9rica, Centroam\u00e9rica y el Caribe, vigente desde el 1 de diciembre. Sin embargo, el brusco retroceso reciente plantea dudas sobre su permanencia.<\/p>\n\n\n\n<p>En las rutas Transpac\u00edfico, la presi\u00f3n tambi\u00e9n se intensifica.&nbsp;<em>Jensen<\/em>&nbsp;reporta que el \u00cdndice de Carga Contenerizada de Shangh\u00e1i (SCFI) hacia la Costa oeste de EE. UU. (USWC) baj\u00f3 a 1.645\/FEU, y hacia la Costa Este de EE. UU. baj\u00f3 a US$2.384\/FEU, \u201cuna ca\u00edda de m\u00e1s de US$1.000 \/FEU en tres semanas\u201d.<\/p>\n\n\n\n<p>Los datos de&nbsp;<em>Xeneta<\/em>&nbsp;confirman esta tendencia. Las tarifas spot promedio al 20 de noviembre alcanzan los US$2.190\/FEU hacia la USWC y US$2.838\/FEU hacia la USEC. El mayor retroceso semanal se dio nuevamente en la Costa Oeste: \u201clas tarifas cayeron 3,2% esta semana tras bajar 17,2% la anterior\u201d. Un aumento de 11,4% en capacidad ofrecida por parte de Ocean Alliance contribuy\u00f3 a la presi\u00f3n bajista.<\/p>\n\n\n\n<p>Para&nbsp;<em>Peter Sand<\/em>, Jefe de An\u00e1lisis de&nbsp;<em>Xeneta<\/em>, esta divergencia de comportamientos anticipa el escenario del pr\u00f3ximo a\u00f1o: \u201cHay diferencias notables entre las rutas desde el Lejano Oriente hacia Europa comparadas con las de EE. UU., y esto est\u00e1 configurando la escena para 2026\u201d. Mientras Europa muestra signos de demanda saludable, en EE. UU. \u201cla pol\u00edtica comercial tendr\u00e1 un impacto negativo sobre la demanda de consumo y los vol\u00famenes de contenedores\u201d.<\/p>\n\n\n\n<p>En este contexto, Am\u00e9rica Latina se posiciona como un referente de la inestabilidad global. Los fuertes retrocesos en las rutas hacia ambas costas de Sudam\u00e9rica: ECSA y WCSA, evidencian que la capacidad redirigida desde Estados Unidos vuelve a presionar la oferta regional.<\/p>\n\n\n\n<p>En paralelo, el&nbsp;<em>Drewry World Container Index<\/em>&nbsp;(WCI) se mantuvo estable en US$1.852\/FEU, con ca\u00eddas en las rutas del Transpac\u00edfico que fueron compensadas por leves alzas Asia\u2013Europa. De acuerdo con&nbsp;<em>Drewry<\/em>, \u201cse espera que las tarifas se suavicen ligeramente la pr\u00f3xima semana\u201d, considerando que los&nbsp;<em>blank sailings<\/em>&nbsp;(cancelaciones de itinerarios) disminuir\u00e1n y habr\u00e1 mayor capacidad disponible.<\/p>\n\n\n\n<p><em>Judah Levine<\/em>, Jefe de Investigaci\u00f3n de&nbsp;<em>Freightos<\/em>, coincide en que la correcci\u00f3n se aceler\u00f3: \u201clas tarifas a la USWC cayeron m\u00e1s de 20% hace una semana\u201d, mientras que la USEC tambi\u00e9n retrocedi\u00f3 m\u00e1s de 20%, regresando a niveles previos al GRI de octubre.<\/p>\n\n\n\n<p><strong>Rol de la flota inactiva<\/strong><\/p>\n\n\n\n<p>Una pieza clave para entender esta din\u00e1mica es la evoluci\u00f3n de la flota ociosa.&nbsp;<em>Simon Heaney<\/em>, Gerente S\u00e9nior de Investigaci\u00f3n de Contenedores en&nbsp;<em>Drewry<\/em>, advierte que \u201cla flota inactiva super\u00f3 1 MTEUs en noviembre por primera vez desde el a\u00f1o pasado\u201d. Si bien recuerda que un solo mes no define una tendencia, el incremento coincide con la enorme entrada de nueva capacidad este a\u00f1o: 1,84 METUs entregados frente a solo 6 KTEUs desguazados.<\/p>\n\n\n\n<p>El posible retorno masivo de la navegaci\u00f3n al Canal de Suez podr\u00eda liberar a\u00fan m\u00e1s capacidad, profundizando la necesidad de mayores cancelaciones de itinerarios o incluso m\u00e1s desguace: \u201cUn regreso total de los tr\u00e1nsitos liberar\u00eda capacidad, empujando a las l\u00edneas navieras a ajustar flota en otros frentes\u201d, apunta&nbsp;<em>Heaney<\/em>.<\/p>","protected":false},"excerpt":{"rendered":"<p>26\/11\/2025 &#8211; Mientras la ca\u00edda se profundiza, intentos de incrementos por parte de las l\u00edneas navieras pierden tracci\u00f3n La tendencia descendente de las tarifas de fletes&nbsp;spot&nbsp;muestra pocos signos de freno. Seg\u00fan apunta&nbsp;Lars Jensen, analista de la industria mar\u00edtima, \u201clas tarifas hacia la Costa Este de Sudam\u00e9rica cayeron a US$1.386\/TEU, una baja de US$1.272\/TEU en cinco [&hellip;]<\/p>\n","protected":false},"author":4,"featured_media":9385,"comment_status":"open","ping_status":"open","sticky":false,"template":"","format":"standard","meta":{"footnotes":""},"categories":[1],"tags":[],"class_list":["post-9383","post","type-post","status-publish","format-standard","has-post-thumbnail","hentry","category-sin-categoria"],"yoast_head":"<!-- This site is optimized with the Yoast SEO plugin v27.4 - https:\/\/yoast.com\/product\/yoast-seo-wordpress\/ -->\n<title>Tarifas de fletes spot retroceden con fuerza y Sudam\u00e9rica resiente capacidad liberada desde rutas hacia EE.UU. - JPEV Logistics<\/title>\n<meta name=\"robots\" content=\"index, follow, max-snippet:-1, max-image-preview:large, max-video-preview:-1\" \/>\n<link rel=\"canonical\" href=\"https:\/\/jpevlogistics.com\/en\/tarifas-de-fletes-spot-retroceden-con-fuerza-y-sudamerica-resiente-capacidad-liberada-desde-rutas-hacia-ee-uu\/\" \/>\n<meta property=\"og:locale\" content=\"en_US\" \/>\n<meta property=\"og:type\" content=\"article\" \/>\n<meta property=\"og:title\" content=\"Tarifas de fletes spot retroceden con fuerza y Sudam\u00e9rica resiente capacidad liberada desde rutas hacia EE.UU. - JPEV Logistics\" \/>\n<meta property=\"og:description\" content=\"26\/11\/2025 &#8211; Mientras la ca\u00edda se profundiza, intentos de incrementos por parte de las l\u00edneas navieras pierden tracci\u00f3n La tendencia descendente de las tarifas de fletes&nbsp;spot&nbsp;muestra pocos signos de freno. Seg\u00fan apunta&nbsp;Lars Jensen, analista de la industria mar\u00edtima, \u201clas tarifas hacia la Costa Este de Sudam\u00e9rica cayeron a US$1.386\/TEU, una baja de US$1.272\/TEU en cinco [&hellip;]\" \/>\n<meta property=\"og:url\" content=\"https:\/\/jpevlogistics.com\/en\/tarifas-de-fletes-spot-retroceden-con-fuerza-y-sudamerica-resiente-capacidad-liberada-desde-rutas-hacia-ee-uu\/\" \/>\n<meta property=\"og:site_name\" content=\"JPEV Logistics\" \/>\n<meta property=\"article:published_time\" content=\"2025-11-26T21:53:22+00:00\" \/>\n<meta property=\"article:modified_time\" content=\"2025-11-26T21:53:24+00:00\" \/>\n<meta property=\"og:image\" content=\"https:\/\/jpevlogistics.com\/wp-content\/uploads\/2025\/11\/tarifas-spot-bajan-1-2.jpeg\" \/>\n\t<meta property=\"og:image:width\" content=\"798\" \/>\n\t<meta property=\"og:image:height\" content=\"598\" \/>\n\t<meta property=\"og:image:type\" content=\"image\/jpeg\" \/>\n<meta name=\"author\" content=\"horacio\" \/>\n<meta name=\"twitter:card\" content=\"summary_large_image\" \/>\n<meta name=\"twitter:label1\" content=\"Written by\" \/>\n\t<meta name=\"twitter:data1\" content=\"horacio\" \/>\n\t<meta name=\"twitter:label2\" content=\"Est. reading time\" \/>\n\t<meta name=\"twitter:data2\" content=\"3 minutes\" \/>\n<script type=\"application\/ld+json\" class=\"yoast-schema-graph\">{\"@context\":\"https:\\\/\\\/schema.org\",\"@graph\":[{\"@type\":\"Article\",\"@id\":\"https:\\\/\\\/jpevlogistics.com\\\/tarifas-de-fletes-spot-retroceden-con-fuerza-y-sudamerica-resiente-capacidad-liberada-desde-rutas-hacia-ee-uu\\\/#article\",\"isPartOf\":{\"@id\":\"https:\\\/\\\/jpevlogistics.com\\\/tarifas-de-fletes-spot-retroceden-con-fuerza-y-sudamerica-resiente-capacidad-liberada-desde-rutas-hacia-ee-uu\\\/\"},\"author\":{\"name\":\"horacio\",\"@id\":\"https:\\\/\\\/jpevlogistics.com\\\/#\\\/schema\\\/person\\\/5cb83ed90e4ad10651470058bc190e62\"},\"headline\":\"Tarifas de fletes spot retroceden con fuerza y Sudam\u00e9rica resiente capacidad liberada desde rutas hacia EE.UU.\",\"datePublished\":\"2025-11-26T21:53:22+00:00\",\"dateModified\":\"2025-11-26T21:53:24+00:00\",\"mainEntityOfPage\":{\"@id\":\"https:\\\/\\\/jpevlogistics.com\\\/tarifas-de-fletes-spot-retroceden-con-fuerza-y-sudamerica-resiente-capacidad-liberada-desde-rutas-hacia-ee-uu\\\/\"},\"wordCount\":687,\"commentCount\":0,\"publisher\":{\"@id\":\"https:\\\/\\\/jpevlogistics.com\\\/#organization\"},\"image\":{\"@id\":\"https:\\\/\\\/jpevlogistics.com\\\/tarifas-de-fletes-spot-retroceden-con-fuerza-y-sudamerica-resiente-capacidad-liberada-desde-rutas-hacia-ee-uu\\\/#primaryimage\"},\"thumbnailUrl\":\"https:\\\/\\\/jpevlogistics.com\\\/wp-content\\\/uploads\\\/2025\\\/11\\\/tarifas-spot-bajan-1-2.jpeg\",\"articleSection\":[\"Sin categor\u00eda\"],\"inLanguage\":\"en-US\",\"potentialAction\":[{\"@type\":\"CommentAction\",\"name\":\"Comment\",\"target\":[\"https:\\\/\\\/jpevlogistics.com\\\/tarifas-de-fletes-spot-retroceden-con-fuerza-y-sudamerica-resiente-capacidad-liberada-desde-rutas-hacia-ee-uu\\\/#respond\"]}]},{\"@type\":\"WebPage\",\"@id\":\"https:\\\/\\\/jpevlogistics.com\\\/tarifas-de-fletes-spot-retroceden-con-fuerza-y-sudamerica-resiente-capacidad-liberada-desde-rutas-hacia-ee-uu\\\/\",\"url\":\"https:\\\/\\\/jpevlogistics.com\\\/tarifas-de-fletes-spot-retroceden-con-fuerza-y-sudamerica-resiente-capacidad-liberada-desde-rutas-hacia-ee-uu\\\/\",\"name\":\"Tarifas de fletes spot retroceden con fuerza y Sudam\u00e9rica resiente capacidad liberada desde rutas hacia EE.UU. - JPEV Logistics\",\"isPartOf\":{\"@id\":\"https:\\\/\\\/jpevlogistics.com\\\/#website\"},\"primaryImageOfPage\":{\"@id\":\"https:\\\/\\\/jpevlogistics.com\\\/tarifas-de-fletes-spot-retroceden-con-fuerza-y-sudamerica-resiente-capacidad-liberada-desde-rutas-hacia-ee-uu\\\/#primaryimage\"},\"image\":{\"@id\":\"https:\\\/\\\/jpevlogistics.com\\\/tarifas-de-fletes-spot-retroceden-con-fuerza-y-sudamerica-resiente-capacidad-liberada-desde-rutas-hacia-ee-uu\\\/#primaryimage\"},\"thumbnailUrl\":\"https:\\\/\\\/jpevlogistics.com\\\/wp-content\\\/uploads\\\/2025\\\/11\\\/tarifas-spot-bajan-1-2.jpeg\",\"datePublished\":\"2025-11-26T21:53:22+00:00\",\"dateModified\":\"2025-11-26T21:53:24+00:00\",\"breadcrumb\":{\"@id\":\"https:\\\/\\\/jpevlogistics.com\\\/tarifas-de-fletes-spot-retroceden-con-fuerza-y-sudamerica-resiente-capacidad-liberada-desde-rutas-hacia-ee-uu\\\/#breadcrumb\"},\"inLanguage\":\"en-US\",\"potentialAction\":[{\"@type\":\"ReadAction\",\"target\":[\"https:\\\/\\\/jpevlogistics.com\\\/tarifas-de-fletes-spot-retroceden-con-fuerza-y-sudamerica-resiente-capacidad-liberada-desde-rutas-hacia-ee-uu\\\/\"]}]},{\"@type\":\"ImageObject\",\"inLanguage\":\"en-US\",\"@id\":\"https:\\\/\\\/jpevlogistics.com\\\/tarifas-de-fletes-spot-retroceden-con-fuerza-y-sudamerica-resiente-capacidad-liberada-desde-rutas-hacia-ee-uu\\\/#primaryimage\",\"url\":\"https:\\\/\\\/jpevlogistics.com\\\/wp-content\\\/uploads\\\/2025\\\/11\\\/tarifas-spot-bajan-1-2.jpeg\",\"contentUrl\":\"https:\\\/\\\/jpevlogistics.com\\\/wp-content\\\/uploads\\\/2025\\\/11\\\/tarifas-spot-bajan-1-2.jpeg\",\"width\":798,\"height\":598},{\"@type\":\"BreadcrumbList\",\"@id\":\"https:\\\/\\\/jpevlogistics.com\\\/tarifas-de-fletes-spot-retroceden-con-fuerza-y-sudamerica-resiente-capacidad-liberada-desde-rutas-hacia-ee-uu\\\/#breadcrumb\",\"itemListElement\":[{\"@type\":\"ListItem\",\"position\":1,\"name\":\"Portada\",\"item\":\"https:\\\/\\\/jpevlogistics.com\\\/\"},{\"@type\":\"ListItem\",\"position\":2,\"name\":\"Tarifas de fletes spot retroceden con fuerza y Sudam\u00e9rica resiente capacidad liberada desde rutas hacia EE.UU.\"}]},{\"@type\":\"WebSite\",\"@id\":\"https:\\\/\\\/jpevlogistics.com\\\/#website\",\"url\":\"https:\\\/\\\/jpevlogistics.com\\\/\",\"name\":\"JPEV Logistics\",\"description\":\"\",\"publisher\":{\"@id\":\"https:\\\/\\\/jpevlogistics.com\\\/#organization\"},\"potentialAction\":[{\"@type\":\"SearchAction\",\"target\":{\"@type\":\"EntryPoint\",\"urlTemplate\":\"https:\\\/\\\/jpevlogistics.com\\\/?s={search_term_string}\"},\"query-input\":{\"@type\":\"PropertyValueSpecification\",\"valueRequired\":true,\"valueName\":\"search_term_string\"}}],\"inLanguage\":\"en-US\"},{\"@type\":\"Organization\",\"@id\":\"https:\\\/\\\/jpevlogistics.com\\\/#organization\",\"name\":\"JPEV Logistics\",\"url\":\"https:\\\/\\\/jpevlogistics.com\\\/\",\"logo\":{\"@type\":\"ImageObject\",\"inLanguage\":\"en-US\",\"@id\":\"https:\\\/\\\/jpevlogistics.com\\\/#\\\/schema\\\/logo\\\/image\\\/\",\"url\":\"https:\\\/\\\/jpevlogistics.com\\\/wp-content\\\/uploads\\\/2020\\\/07\\\/logo.png\",\"contentUrl\":\"https:\\\/\\\/jpevlogistics.com\\\/wp-content\\\/uploads\\\/2020\\\/07\\\/logo.png\",\"width\":214,\"height\":81,\"caption\":\"JPEV Logistics\"},\"image\":{\"@id\":\"https:\\\/\\\/jpevlogistics.com\\\/#\\\/schema\\\/logo\\\/image\\\/\"},\"sameAs\":[\"https:\\\/\\\/www.instagram.com\\\/jpevlogistics\\\/\",\"https:\\\/\\\/www.linkedin.com\\\/company\\\/jpev-logistics\\\/\"]},{\"@type\":\"Person\",\"@id\":\"https:\\\/\\\/jpevlogistics.com\\\/#\\\/schema\\\/person\\\/5cb83ed90e4ad10651470058bc190e62\",\"name\":\"horacio\",\"image\":{\"@type\":\"ImageObject\",\"inLanguage\":\"en-US\",\"@id\":\"https:\\\/\\\/secure.gravatar.com\\\/avatar\\\/49ba85a39487c51406dba7224109c3b2296f15c3dd1931dd024e3f540b12ea7d?s=96&d=mm&r=g\",\"url\":\"https:\\\/\\\/secure.gravatar.com\\\/avatar\\\/49ba85a39487c51406dba7224109c3b2296f15c3dd1931dd024e3f540b12ea7d?s=96&d=mm&r=g\",\"contentUrl\":\"https:\\\/\\\/secure.gravatar.com\\\/avatar\\\/49ba85a39487c51406dba7224109c3b2296f15c3dd1931dd024e3f540b12ea7d?s=96&d=mm&r=g\",\"caption\":\"horacio\"},\"url\":\"https:\\\/\\\/jpevlogistics.com\\\/en\\\/author\\\/horacio\\\/\"}]}<\/script>\n<!-- \/ Yoast SEO plugin. -->","yoast_head_json":{"title":"Tarifas de fletes spot retroceden con fuerza y Sudam\u00e9rica resiente capacidad liberada desde rutas hacia EE.UU. - JPEV Logistics","robots":{"index":"index","follow":"follow","max-snippet":"max-snippet:-1","max-image-preview":"max-image-preview:large","max-video-preview":"max-video-preview:-1"},"canonical":"https:\/\/jpevlogistics.com\/en\/tarifas-de-fletes-spot-retroceden-con-fuerza-y-sudamerica-resiente-capacidad-liberada-desde-rutas-hacia-ee-uu\/","og_locale":"en_US","og_type":"article","og_title":"Tarifas de fletes spot retroceden con fuerza y Sudam\u00e9rica resiente capacidad liberada desde rutas hacia EE.UU. - JPEV Logistics","og_description":"26\/11\/2025 &#8211; Mientras la ca\u00edda se profundiza, intentos de incrementos por parte de las l\u00edneas navieras pierden tracci\u00f3n La tendencia descendente de las tarifas de fletes&nbsp;spot&nbsp;muestra pocos signos de freno. Seg\u00fan apunta&nbsp;Lars Jensen, analista de la industria mar\u00edtima, \u201clas tarifas hacia la Costa Este de Sudam\u00e9rica cayeron a US$1.386\/TEU, una baja de US$1.272\/TEU en cinco [&hellip;]","og_url":"https:\/\/jpevlogistics.com\/en\/tarifas-de-fletes-spot-retroceden-con-fuerza-y-sudamerica-resiente-capacidad-liberada-desde-rutas-hacia-ee-uu\/","og_site_name":"JPEV Logistics","article_published_time":"2025-11-26T21:53:22+00:00","article_modified_time":"2025-11-26T21:53:24+00:00","og_image":[{"width":798,"height":598,"url":"https:\/\/jpevlogistics.com\/wp-content\/uploads\/2025\/11\/tarifas-spot-bajan-1-2.jpeg","type":"image\/jpeg"}],"author":"horacio","twitter_card":"summary_large_image","twitter_misc":{"Written by":"horacio","Est. reading time":"3 minutes"},"schema":{"@context":"https:\/\/schema.org","@graph":[{"@type":"Article","@id":"https:\/\/jpevlogistics.com\/tarifas-de-fletes-spot-retroceden-con-fuerza-y-sudamerica-resiente-capacidad-liberada-desde-rutas-hacia-ee-uu\/#article","isPartOf":{"@id":"https:\/\/jpevlogistics.com\/tarifas-de-fletes-spot-retroceden-con-fuerza-y-sudamerica-resiente-capacidad-liberada-desde-rutas-hacia-ee-uu\/"},"author":{"name":"horacio","@id":"https:\/\/jpevlogistics.com\/#\/schema\/person\/5cb83ed90e4ad10651470058bc190e62"},"headline":"Tarifas de fletes spot retroceden con fuerza y Sudam\u00e9rica resiente capacidad liberada desde rutas hacia EE.UU.","datePublished":"2025-11-26T21:53:22+00:00","dateModified":"2025-11-26T21:53:24+00:00","mainEntityOfPage":{"@id":"https:\/\/jpevlogistics.com\/tarifas-de-fletes-spot-retroceden-con-fuerza-y-sudamerica-resiente-capacidad-liberada-desde-rutas-hacia-ee-uu\/"},"wordCount":687,"commentCount":0,"publisher":{"@id":"https:\/\/jpevlogistics.com\/#organization"},"image":{"@id":"https:\/\/jpevlogistics.com\/tarifas-de-fletes-spot-retroceden-con-fuerza-y-sudamerica-resiente-capacidad-liberada-desde-rutas-hacia-ee-uu\/#primaryimage"},"thumbnailUrl":"https:\/\/jpevlogistics.com\/wp-content\/uploads\/2025\/11\/tarifas-spot-bajan-1-2.jpeg","articleSection":["Sin categor\u00eda"],"inLanguage":"en-US","potentialAction":[{"@type":"CommentAction","name":"Comment","target":["https:\/\/jpevlogistics.com\/tarifas-de-fletes-spot-retroceden-con-fuerza-y-sudamerica-resiente-capacidad-liberada-desde-rutas-hacia-ee-uu\/#respond"]}]},{"@type":"WebPage","@id":"https:\/\/jpevlogistics.com\/tarifas-de-fletes-spot-retroceden-con-fuerza-y-sudamerica-resiente-capacidad-liberada-desde-rutas-hacia-ee-uu\/","url":"https:\/\/jpevlogistics.com\/tarifas-de-fletes-spot-retroceden-con-fuerza-y-sudamerica-resiente-capacidad-liberada-desde-rutas-hacia-ee-uu\/","name":"Tarifas de fletes spot retroceden con fuerza y Sudam\u00e9rica resiente capacidad liberada desde rutas hacia EE.UU. - JPEV Logistics","isPartOf":{"@id":"https:\/\/jpevlogistics.com\/#website"},"primaryImageOfPage":{"@id":"https:\/\/jpevlogistics.com\/tarifas-de-fletes-spot-retroceden-con-fuerza-y-sudamerica-resiente-capacidad-liberada-desde-rutas-hacia-ee-uu\/#primaryimage"},"image":{"@id":"https:\/\/jpevlogistics.com\/tarifas-de-fletes-spot-retroceden-con-fuerza-y-sudamerica-resiente-capacidad-liberada-desde-rutas-hacia-ee-uu\/#primaryimage"},"thumbnailUrl":"https:\/\/jpevlogistics.com\/wp-content\/uploads\/2025\/11\/tarifas-spot-bajan-1-2.jpeg","datePublished":"2025-11-26T21:53:22+00:00","dateModified":"2025-11-26T21:53:24+00:00","breadcrumb":{"@id":"https:\/\/jpevlogistics.com\/tarifas-de-fletes-spot-retroceden-con-fuerza-y-sudamerica-resiente-capacidad-liberada-desde-rutas-hacia-ee-uu\/#breadcrumb"},"inLanguage":"en-US","potentialAction":[{"@type":"ReadAction","target":["https:\/\/jpevlogistics.com\/tarifas-de-fletes-spot-retroceden-con-fuerza-y-sudamerica-resiente-capacidad-liberada-desde-rutas-hacia-ee-uu\/"]}]},{"@type":"ImageObject","inLanguage":"en-US","@id":"https:\/\/jpevlogistics.com\/tarifas-de-fletes-spot-retroceden-con-fuerza-y-sudamerica-resiente-capacidad-liberada-desde-rutas-hacia-ee-uu\/#primaryimage","url":"https:\/\/jpevlogistics.com\/wp-content\/uploads\/2025\/11\/tarifas-spot-bajan-1-2.jpeg","contentUrl":"https:\/\/jpevlogistics.com\/wp-content\/uploads\/2025\/11\/tarifas-spot-bajan-1-2.jpeg","width":798,"height":598},{"@type":"BreadcrumbList","@id":"https:\/\/jpevlogistics.com\/tarifas-de-fletes-spot-retroceden-con-fuerza-y-sudamerica-resiente-capacidad-liberada-desde-rutas-hacia-ee-uu\/#breadcrumb","itemListElement":[{"@type":"ListItem","position":1,"name":"Portada","item":"https:\/\/jpevlogistics.com\/"},{"@type":"ListItem","position":2,"name":"Tarifas de fletes spot retroceden con fuerza y Sudam\u00e9rica resiente capacidad liberada desde rutas hacia EE.UU."}]},{"@type":"WebSite","@id":"https:\/\/jpevlogistics.com\/#website","url":"https:\/\/jpevlogistics.com\/","name":"JPEV Logistics","description":"","publisher":{"@id":"https:\/\/jpevlogistics.com\/#organization"},"potentialAction":[{"@type":"SearchAction","target":{"@type":"EntryPoint","urlTemplate":"https:\/\/jpevlogistics.com\/?s={search_term_string}"},"query-input":{"@type":"PropertyValueSpecification","valueRequired":true,"valueName":"search_term_string"}}],"inLanguage":"en-US"},{"@type":"Organization","@id":"https:\/\/jpevlogistics.com\/#organization","name":"JPEV Logistics","url":"https:\/\/jpevlogistics.com\/","logo":{"@type":"ImageObject","inLanguage":"en-US","@id":"https:\/\/jpevlogistics.com\/#\/schema\/logo\/image\/","url":"https:\/\/jpevlogistics.com\/wp-content\/uploads\/2020\/07\/logo.png","contentUrl":"https:\/\/jpevlogistics.com\/wp-content\/uploads\/2020\/07\/logo.png","width":214,"height":81,"caption":"JPEV Logistics"},"image":{"@id":"https:\/\/jpevlogistics.com\/#\/schema\/logo\/image\/"},"sameAs":["https:\/\/www.instagram.com\/jpevlogistics\/","https:\/\/www.linkedin.com\/company\/jpev-logistics\/"]},{"@type":"Person","@id":"https:\/\/jpevlogistics.com\/#\/schema\/person\/5cb83ed90e4ad10651470058bc190e62","name":"horacio","image":{"@type":"ImageObject","inLanguage":"en-US","@id":"https:\/\/secure.gravatar.com\/avatar\/49ba85a39487c51406dba7224109c3b2296f15c3dd1931dd024e3f540b12ea7d?s=96&d=mm&r=g","url":"https:\/\/secure.gravatar.com\/avatar\/49ba85a39487c51406dba7224109c3b2296f15c3dd1931dd024e3f540b12ea7d?s=96&d=mm&r=g","contentUrl":"https:\/\/secure.gravatar.com\/avatar\/49ba85a39487c51406dba7224109c3b2296f15c3dd1931dd024e3f540b12ea7d?s=96&d=mm&r=g","caption":"horacio"},"url":"https:\/\/jpevlogistics.com\/en\/author\/horacio\/"}]}},"_links":{"self":[{"href":"https:\/\/jpevlogistics.com\/en\/wp-json\/wp\/v2\/posts\/9383","targetHints":{"allow":["GET"]}}],"collection":[{"href":"https:\/\/jpevlogistics.com\/en\/wp-json\/wp\/v2\/posts"}],"about":[{"href":"https:\/\/jpevlogistics.com\/en\/wp-json\/wp\/v2\/types\/post"}],"author":[{"embeddable":true,"href":"https:\/\/jpevlogistics.com\/en\/wp-json\/wp\/v2\/users\/4"}],"replies":[{"embeddable":true,"href":"https:\/\/jpevlogistics.com\/en\/wp-json\/wp\/v2\/comments?post=9383"}],"version-history":[{"count":1,"href":"https:\/\/jpevlogistics.com\/en\/wp-json\/wp\/v2\/posts\/9383\/revisions"}],"predecessor-version":[{"id":9386,"href":"https:\/\/jpevlogistics.com\/en\/wp-json\/wp\/v2\/posts\/9383\/revisions\/9386"}],"wp:featuredmedia":[{"embeddable":true,"href":"https:\/\/jpevlogistics.com\/en\/wp-json\/wp\/v2\/media\/9385"}],"wp:attachment":[{"href":"https:\/\/jpevlogistics.com\/en\/wp-json\/wp\/v2\/media?parent=9383"}],"wp:term":[{"taxonomy":"category","embeddable":true,"href":"https:\/\/jpevlogistics.com\/en\/wp-json\/wp\/v2\/categories?post=9383"},{"taxonomy":"post_tag","embeddable":true,"href":"https:\/\/jpevlogistics.com\/en\/wp-json\/wp\/v2\/tags?post=9383"}],"curies":[{"name":"wp","href":"https:\/\/api.w.org\/{rel}","templated":true}]}}