{"id":9392,"date":"2026-01-05T23:26:12","date_gmt":"2026-01-05T23:26:12","guid":{"rendered":"https:\/\/jpevlogistics.com\/?p=9392"},"modified":"2026-01-05T23:36:02","modified_gmt":"2026-01-05T23:36:02","slug":"tarifas-spot-de-transporte-maritimo-contenedores-cerraron-2025-al-alza-en-las-principales-rutas-este-oeste","status":"publish","type":"post","link":"https:\/\/jpevlogistics.com\/en\/tarifas-spot-de-transporte-maritimo-contenedores-cerraron-2025-al-alza-en-las-principales-rutas-este-oeste\/","title":{"rendered":"Tarifas spot de transporte mar\u00edtimo contenedores cerraron 2025 al alza en las principales rutas Este-Oeste"},"content":{"rendered":"<p>05\/01\/2025 <strong>No obstante, la demanda a\u00fan sigue condicionada por factores geopol\u00edticos, comerciales y estacionales<\/strong>.<\/p>\n\n\n\n<p>Las tarifas del transporte mar\u00edtimo de contenedores mostraron una tendencia alcista hacia el cierre del a\u00f1o en las principales rutas Este-Oeste, de acuerdo con el&nbsp;<em>Freightos Baltic Index (FBX)<\/em>. El repunte estuvo especialmente marcado en las rutas entre Asia y Europa, impulsado por una demanda anticipada previa al A\u00f1o Nuevo Lunar y por los mayores tiempos de tr\u00e1nsito derivados de los desv\u00edos alrededor del Cabo de Buena Esperanza.<\/p>\n\n\n\n<figure class=\"wp-block-image size-full\"><img fetchpriority=\"high\" decoding=\"async\" width=\"798\" height=\"597\" src=\"https:\/\/jpevlogistics.com\/wp-content\/uploads\/2026\/01\/tarifas-sport-1.jpeg\" alt=\"\" class=\"wp-image-9393\" srcset=\"https:\/\/jpevlogistics.com\/wp-content\/uploads\/2026\/01\/tarifas-sport-1.jpeg 798w, https:\/\/jpevlogistics.com\/wp-content\/uploads\/2026\/01\/tarifas-sport-1-300x224.jpeg 300w, https:\/\/jpevlogistics.com\/wp-content\/uploads\/2026\/01\/tarifas-sport-1-768x575.jpeg 768w, https:\/\/jpevlogistics.com\/wp-content\/uploads\/2026\/01\/tarifas-sport-1-16x12.jpeg 16w\" sizes=\"(max-width: 798px) 100vw, 798px\" \/><\/figure>\n\n\n\n<p>En la \u00faltima semana, las tarifas&nbsp;<strong>Asia\u2013Europa<\/strong>&nbsp;aumentaron 1% hasta US$2.742\/FEU, ubic\u00e1ndose \u201c12% por encima de los niveles de mediados de mes y en valores no vistos desde el final de la temporada alta\u201d. En tanto, los fletes Asia\u2013Mediterr\u00e1neo subieron 4% y alcanzaron los US$4.004\/FEU, \u201csuperando por primera vez desde comienzos de julio la barrera de los US$4.000\/FEU\u201d y situ\u00e1ndose un 20% por encima de la primera quincena de diciembre.<\/p>\n\n\n\n<p>Seg\u00fan el an\u00e1lisis de&nbsp;<em>Judah Levine<\/em>, director de Investigaci\u00f3n de&nbsp;<em>Freightos<\/em>, los niveles actuales de tarifas \u201cest\u00e1n siendo respaldados por un inicio anticipado de la demanda previa al A\u00f1o Nuevo Lunar, en un contexto de mayores tiempos de tr\u00e1nsito debido a los desv\u00edos por el Mar Rojo\u201d. Bajo este escenario, anticipa que las tarifas \u201cprobablemente se mantendr\u00e1n elevadas o contin\u00faen subiendo a medida que se acerque la festividad\u201d.<\/p>\n\n\n\n<p>En las rutas&nbsp;<strong>Transpac\u00edfico<\/strong>, los incrementos fueron m\u00e1s moderados, reflejando la menor efectividad de las alzas generales de tarifas (GRI) impulsadas por las l\u00edneas navieras en comparaci\u00f3n con las rutas Asia-Europa. Desde mediados de diciembre, las tarifas hacia la&nbsp;<strong>Costa Oeste de EE. UU.<\/strong>&nbsp;subieron 9% hasta US$2.145\/FEU, mientras que las tarifas hacia la&nbsp;<strong>Costa Este de EE.UU.&nbsp;<\/strong>aumentaron 15% hasta US$3.364\/FEU. No obstante,&nbsp;<em>Levine&nbsp;<\/em>advierte que \u201clas tarifas enfrentar\u00e1n presi\u00f3n alcista cuando se active la demanda en las rutas del Transpac\u00edfico previa al A\u00f1o Nuevo Lunar\u201d, aunque el inicio tard\u00edo de la festividad este a\u00f1o \u201417 de febrero\u2014 podr\u00eda dar paso a \u201cuna nueva correcci\u00f3n de corto plazo antes de que la demanda repunte\u201d.<\/p>\n\n\n\n<p>En t\u00e9rminos de vol\u00famenes, el informe destaca que, pese a la contracci\u00f3n de las importaciones mar\u00edtimas de EE. UU. y a una ca\u00edda general asociada a la guerra comercial, \u201cla fortaleza de los embarques desde Asia hacia Europa, \u00c1frica y Am\u00e9rica Latina permiti\u00f3 que los vol\u00famenes globales crecieran 4% hasta comienzos del cuarto trimestre\u201d, en un contexto de diversificaci\u00f3n de socios comerciales por parte de China.<\/p>\n\n\n\n<p>Mirando hacia adelante,&nbsp;<em>S&amp;P Global<\/em>&nbsp;proyecta que las importaciones mar\u00edtimas de EE. UU. caer\u00e1n nuevamente en 2026, con un retroceso estimado de 2%, lo que convertir\u00eda a 2025-2026 en el tercer per\u00edodo de dos a\u00f1os consecutivos de contracci\u00f3n en las \u00faltimas dos d\u00e9cadas. Aun as\u00ed, actores como&nbsp;<em>BIMCO&nbsp;<\/em>coinciden en que \u201clos vol\u00famenes globales continuar\u00edan creciendo, pese a la debilidad del mercado estadounidense\u201d.<\/p>\n\n\n\n<p>Finalmente,&nbsp;<em>Levine<\/em>&nbsp;subraya que el mercado inicia el nuevo a\u00f1o con se\u00f1ales mixtas: tarifas firmes en los principales corredores intercontinentales, pero con un escenario de demanda a\u00fan condicionado por factores geopol\u00edticos, comerciales y estacionales<strong>.<\/strong><\/p>\n\n\n\n<p><a href=\"https:\/\/www.mundomaritimo.cl\/noticias\/friend\/55083\"><\/a><\/p>","protected":false},"excerpt":{"rendered":"<p>05\/01\/2025 No obstante, la demanda a\u00fan sigue condicionada por factores geopol\u00edticos, comerciales y estacionales. Las tarifas del transporte mar\u00edtimo de contenedores mostraron una tendencia alcista hacia el cierre del a\u00f1o en las principales rutas Este-Oeste, de acuerdo con el&nbsp;Freightos Baltic Index (FBX). El repunte estuvo especialmente marcado en las rutas entre Asia y Europa, impulsado [&hellip;]<\/p>\n","protected":false},"author":4,"featured_media":9393,"comment_status":"open","ping_status":"open","sticky":false,"template":"","format":"standard","meta":{"footnotes":""},"categories":[1],"tags":[],"class_list":["post-9392","post","type-post","status-publish","format-standard","has-post-thumbnail","hentry","category-sin-categoria"],"yoast_head":"<!-- This site is optimized with the Yoast SEO plugin v27.4 - https:\/\/yoast.com\/product\/yoast-seo-wordpress\/ -->\n<title>Tarifas spot de transporte mar\u00edtimo contenedores cerraron 2025 al alza en las principales rutas Este-Oeste - JPEV Logistics<\/title>\n<meta name=\"robots\" content=\"index, follow, max-snippet:-1, max-image-preview:large, max-video-preview:-1\" \/>\n<link rel=\"canonical\" href=\"https:\/\/jpevlogistics.com\/en\/tarifas-spot-de-transporte-maritimo-contenedores-cerraron-2025-al-alza-en-las-principales-rutas-este-oeste\/\" \/>\n<meta property=\"og:locale\" content=\"en_US\" \/>\n<meta property=\"og:type\" content=\"article\" \/>\n<meta property=\"og:title\" content=\"Tarifas spot de transporte mar\u00edtimo contenedores cerraron 2025 al alza en las principales rutas Este-Oeste - JPEV Logistics\" \/>\n<meta property=\"og:description\" content=\"05\/01\/2025 No obstante, la demanda a\u00fan sigue condicionada por factores geopol\u00edticos, comerciales y estacionales. Las tarifas del transporte mar\u00edtimo de contenedores mostraron una tendencia alcista hacia el cierre del a\u00f1o en las principales rutas Este-Oeste, de acuerdo con el&nbsp;Freightos Baltic Index (FBX). El repunte estuvo especialmente marcado en las rutas entre Asia y Europa, impulsado [&hellip;]\" \/>\n<meta property=\"og:url\" content=\"https:\/\/jpevlogistics.com\/en\/tarifas-spot-de-transporte-maritimo-contenedores-cerraron-2025-al-alza-en-las-principales-rutas-este-oeste\/\" \/>\n<meta property=\"og:site_name\" content=\"JPEV Logistics\" \/>\n<meta property=\"article:published_time\" content=\"2026-01-05T23:26:12+00:00\" \/>\n<meta property=\"article:modified_time\" content=\"2026-01-05T23:36:02+00:00\" \/>\n<meta property=\"og:image\" content=\"https:\/\/jpevlogistics.com\/wp-content\/uploads\/2026\/01\/tarifas-sport-1.jpeg\" \/>\n\t<meta property=\"og:image:width\" content=\"798\" \/>\n\t<meta property=\"og:image:height\" content=\"597\" \/>\n\t<meta property=\"og:image:type\" content=\"image\/jpeg\" \/>\n<meta name=\"author\" content=\"horacio\" \/>\n<meta name=\"twitter:card\" content=\"summary_large_image\" \/>\n<meta name=\"twitter:label1\" content=\"Written by\" \/>\n\t<meta name=\"twitter:data1\" content=\"horacio\" \/>\n\t<meta name=\"twitter:label2\" content=\"Est. reading time\" \/>\n\t<meta name=\"twitter:data2\" content=\"3 minutes\" \/>\n<script type=\"application\/ld+json\" class=\"yoast-schema-graph\">{\"@context\":\"https:\\\/\\\/schema.org\",\"@graph\":[{\"@type\":\"Article\",\"@id\":\"https:\\\/\\\/jpevlogistics.com\\\/en\\\/tarifas-spot-de-transporte-maritimo-contenedores-cerraron-2025-al-alza-en-las-principales-rutas-este-oeste\\\/#article\",\"isPartOf\":{\"@id\":\"https:\\\/\\\/jpevlogistics.com\\\/en\\\/tarifas-spot-de-transporte-maritimo-contenedores-cerraron-2025-al-alza-en-las-principales-rutas-este-oeste\\\/\"},\"author\":{\"name\":\"horacio\",\"@id\":\"https:\\\/\\\/jpevlogistics.com\\\/#\\\/schema\\\/person\\\/5cb83ed90e4ad10651470058bc190e62\"},\"headline\":\"Tarifas spot de transporte mar\u00edtimo contenedores cerraron 2025 al alza en las principales rutas Este-Oeste\",\"datePublished\":\"2026-01-05T23:26:12+00:00\",\"dateModified\":\"2026-01-05T23:36:02+00:00\",\"mainEntityOfPage\":{\"@id\":\"https:\\\/\\\/jpevlogistics.com\\\/en\\\/tarifas-spot-de-transporte-maritimo-contenedores-cerraron-2025-al-alza-en-las-principales-rutas-este-oeste\\\/\"},\"wordCount\":582,\"commentCount\":0,\"publisher\":{\"@id\":\"https:\\\/\\\/jpevlogistics.com\\\/#organization\"},\"image\":{\"@id\":\"https:\\\/\\\/jpevlogistics.com\\\/en\\\/tarifas-spot-de-transporte-maritimo-contenedores-cerraron-2025-al-alza-en-las-principales-rutas-este-oeste\\\/#primaryimage\"},\"thumbnailUrl\":\"https:\\\/\\\/jpevlogistics.com\\\/wp-content\\\/uploads\\\/2026\\\/01\\\/tarifas-sport-1.jpeg\",\"articleSection\":[\"Sin categor\u00eda\"],\"inLanguage\":\"en-US\",\"potentialAction\":[{\"@type\":\"CommentAction\",\"name\":\"Comment\",\"target\":[\"https:\\\/\\\/jpevlogistics.com\\\/en\\\/tarifas-spot-de-transporte-maritimo-contenedores-cerraron-2025-al-alza-en-las-principales-rutas-este-oeste\\\/#respond\"]}]},{\"@type\":\"WebPage\",\"@id\":\"https:\\\/\\\/jpevlogistics.com\\\/en\\\/tarifas-spot-de-transporte-maritimo-contenedores-cerraron-2025-al-alza-en-las-principales-rutas-este-oeste\\\/\",\"url\":\"https:\\\/\\\/jpevlogistics.com\\\/en\\\/tarifas-spot-de-transporte-maritimo-contenedores-cerraron-2025-al-alza-en-las-principales-rutas-este-oeste\\\/\",\"name\":\"Tarifas spot de transporte mar\u00edtimo contenedores cerraron 2025 al alza en las principales rutas Este-Oeste - JPEV Logistics\",\"isPartOf\":{\"@id\":\"https:\\\/\\\/jpevlogistics.com\\\/#website\"},\"primaryImageOfPage\":{\"@id\":\"https:\\\/\\\/jpevlogistics.com\\\/en\\\/tarifas-spot-de-transporte-maritimo-contenedores-cerraron-2025-al-alza-en-las-principales-rutas-este-oeste\\\/#primaryimage\"},\"image\":{\"@id\":\"https:\\\/\\\/jpevlogistics.com\\\/en\\\/tarifas-spot-de-transporte-maritimo-contenedores-cerraron-2025-al-alza-en-las-principales-rutas-este-oeste\\\/#primaryimage\"},\"thumbnailUrl\":\"https:\\\/\\\/jpevlogistics.com\\\/wp-content\\\/uploads\\\/2026\\\/01\\\/tarifas-sport-1.jpeg\",\"datePublished\":\"2026-01-05T23:26:12+00:00\",\"dateModified\":\"2026-01-05T23:36:02+00:00\",\"breadcrumb\":{\"@id\":\"https:\\\/\\\/jpevlogistics.com\\\/en\\\/tarifas-spot-de-transporte-maritimo-contenedores-cerraron-2025-al-alza-en-las-principales-rutas-este-oeste\\\/#breadcrumb\"},\"inLanguage\":\"en-US\",\"potentialAction\":[{\"@type\":\"ReadAction\",\"target\":[\"https:\\\/\\\/jpevlogistics.com\\\/en\\\/tarifas-spot-de-transporte-maritimo-contenedores-cerraron-2025-al-alza-en-las-principales-rutas-este-oeste\\\/\"]}]},{\"@type\":\"ImageObject\",\"inLanguage\":\"en-US\",\"@id\":\"https:\\\/\\\/jpevlogistics.com\\\/en\\\/tarifas-spot-de-transporte-maritimo-contenedores-cerraron-2025-al-alza-en-las-principales-rutas-este-oeste\\\/#primaryimage\",\"url\":\"https:\\\/\\\/jpevlogistics.com\\\/wp-content\\\/uploads\\\/2026\\\/01\\\/tarifas-sport-1.jpeg\",\"contentUrl\":\"https:\\\/\\\/jpevlogistics.com\\\/wp-content\\\/uploads\\\/2026\\\/01\\\/tarifas-sport-1.jpeg\",\"width\":798,\"height\":597},{\"@type\":\"BreadcrumbList\",\"@id\":\"https:\\\/\\\/jpevlogistics.com\\\/en\\\/tarifas-spot-de-transporte-maritimo-contenedores-cerraron-2025-al-alza-en-las-principales-rutas-este-oeste\\\/#breadcrumb\",\"itemListElement\":[{\"@type\":\"ListItem\",\"position\":1,\"name\":\"Portada\",\"item\":\"https:\\\/\\\/jpevlogistics.com\\\/\"},{\"@type\":\"ListItem\",\"position\":2,\"name\":\"Tarifas spot de transporte mar\u00edtimo contenedores cerraron 2025 al alza en las principales rutas Este-Oeste\"}]},{\"@type\":\"WebSite\",\"@id\":\"https:\\\/\\\/jpevlogistics.com\\\/#website\",\"url\":\"https:\\\/\\\/jpevlogistics.com\\\/\",\"name\":\"JPEV Logistics\",\"description\":\"\",\"publisher\":{\"@id\":\"https:\\\/\\\/jpevlogistics.com\\\/#organization\"},\"potentialAction\":[{\"@type\":\"SearchAction\",\"target\":{\"@type\":\"EntryPoint\",\"urlTemplate\":\"https:\\\/\\\/jpevlogistics.com\\\/?s={search_term_string}\"},\"query-input\":{\"@type\":\"PropertyValueSpecification\",\"valueRequired\":true,\"valueName\":\"search_term_string\"}}],\"inLanguage\":\"en-US\"},{\"@type\":\"Organization\",\"@id\":\"https:\\\/\\\/jpevlogistics.com\\\/#organization\",\"name\":\"JPEV Logistics\",\"url\":\"https:\\\/\\\/jpevlogistics.com\\\/\",\"logo\":{\"@type\":\"ImageObject\",\"inLanguage\":\"en-US\",\"@id\":\"https:\\\/\\\/jpevlogistics.com\\\/#\\\/schema\\\/logo\\\/image\\\/\",\"url\":\"https:\\\/\\\/jpevlogistics.com\\\/wp-content\\\/uploads\\\/2020\\\/07\\\/logo.png\",\"contentUrl\":\"https:\\\/\\\/jpevlogistics.com\\\/wp-content\\\/uploads\\\/2020\\\/07\\\/logo.png\",\"width\":214,\"height\":81,\"caption\":\"JPEV Logistics\"},\"image\":{\"@id\":\"https:\\\/\\\/jpevlogistics.com\\\/#\\\/schema\\\/logo\\\/image\\\/\"},\"sameAs\":[\"https:\\\/\\\/www.instagram.com\\\/jpevlogistics\\\/\",\"https:\\\/\\\/www.linkedin.com\\\/company\\\/jpev-logistics\\\/\"]},{\"@type\":\"Person\",\"@id\":\"https:\\\/\\\/jpevlogistics.com\\\/#\\\/schema\\\/person\\\/5cb83ed90e4ad10651470058bc190e62\",\"name\":\"horacio\",\"image\":{\"@type\":\"ImageObject\",\"inLanguage\":\"en-US\",\"@id\":\"https:\\\/\\\/secure.gravatar.com\\\/avatar\\\/49ba85a39487c51406dba7224109c3b2296f15c3dd1931dd024e3f540b12ea7d?s=96&d=mm&r=g\",\"url\":\"https:\\\/\\\/secure.gravatar.com\\\/avatar\\\/49ba85a39487c51406dba7224109c3b2296f15c3dd1931dd024e3f540b12ea7d?s=96&d=mm&r=g\",\"contentUrl\":\"https:\\\/\\\/secure.gravatar.com\\\/avatar\\\/49ba85a39487c51406dba7224109c3b2296f15c3dd1931dd024e3f540b12ea7d?s=96&d=mm&r=g\",\"caption\":\"horacio\"},\"url\":\"https:\\\/\\\/jpevlogistics.com\\\/en\\\/author\\\/horacio\\\/\"}]}<\/script>\n<!-- \/ Yoast SEO plugin. -->","yoast_head_json":{"title":"Tarifas spot de transporte mar\u00edtimo contenedores cerraron 2025 al alza en las principales rutas Este-Oeste - JPEV Logistics","robots":{"index":"index","follow":"follow","max-snippet":"max-snippet:-1","max-image-preview":"max-image-preview:large","max-video-preview":"max-video-preview:-1"},"canonical":"https:\/\/jpevlogistics.com\/en\/tarifas-spot-de-transporte-maritimo-contenedores-cerraron-2025-al-alza-en-las-principales-rutas-este-oeste\/","og_locale":"en_US","og_type":"article","og_title":"Tarifas spot de transporte mar\u00edtimo contenedores cerraron 2025 al alza en las principales rutas Este-Oeste - JPEV Logistics","og_description":"05\/01\/2025 No obstante, la demanda a\u00fan sigue condicionada por factores geopol\u00edticos, comerciales y estacionales. Las tarifas del transporte mar\u00edtimo de contenedores mostraron una tendencia alcista hacia el cierre del a\u00f1o en las principales rutas Este-Oeste, de acuerdo con el&nbsp;Freightos Baltic Index (FBX). El repunte estuvo especialmente marcado en las rutas entre Asia y Europa, impulsado [&hellip;]","og_url":"https:\/\/jpevlogistics.com\/en\/tarifas-spot-de-transporte-maritimo-contenedores-cerraron-2025-al-alza-en-las-principales-rutas-este-oeste\/","og_site_name":"JPEV Logistics","article_published_time":"2026-01-05T23:26:12+00:00","article_modified_time":"2026-01-05T23:36:02+00:00","og_image":[{"width":798,"height":597,"url":"https:\/\/jpevlogistics.com\/wp-content\/uploads\/2026\/01\/tarifas-sport-1.jpeg","type":"image\/jpeg"}],"author":"horacio","twitter_card":"summary_large_image","twitter_misc":{"Written by":"horacio","Est. reading time":"3 minutes"},"schema":{"@context":"https:\/\/schema.org","@graph":[{"@type":"Article","@id":"https:\/\/jpevlogistics.com\/en\/tarifas-spot-de-transporte-maritimo-contenedores-cerraron-2025-al-alza-en-las-principales-rutas-este-oeste\/#article","isPartOf":{"@id":"https:\/\/jpevlogistics.com\/en\/tarifas-spot-de-transporte-maritimo-contenedores-cerraron-2025-al-alza-en-las-principales-rutas-este-oeste\/"},"author":{"name":"horacio","@id":"https:\/\/jpevlogistics.com\/#\/schema\/person\/5cb83ed90e4ad10651470058bc190e62"},"headline":"Tarifas spot de transporte mar\u00edtimo contenedores cerraron 2025 al alza en las principales rutas Este-Oeste","datePublished":"2026-01-05T23:26:12+00:00","dateModified":"2026-01-05T23:36:02+00:00","mainEntityOfPage":{"@id":"https:\/\/jpevlogistics.com\/en\/tarifas-spot-de-transporte-maritimo-contenedores-cerraron-2025-al-alza-en-las-principales-rutas-este-oeste\/"},"wordCount":582,"commentCount":0,"publisher":{"@id":"https:\/\/jpevlogistics.com\/#organization"},"image":{"@id":"https:\/\/jpevlogistics.com\/en\/tarifas-spot-de-transporte-maritimo-contenedores-cerraron-2025-al-alza-en-las-principales-rutas-este-oeste\/#primaryimage"},"thumbnailUrl":"https:\/\/jpevlogistics.com\/wp-content\/uploads\/2026\/01\/tarifas-sport-1.jpeg","articleSection":["Sin categor\u00eda"],"inLanguage":"en-US","potentialAction":[{"@type":"CommentAction","name":"Comment","target":["https:\/\/jpevlogistics.com\/en\/tarifas-spot-de-transporte-maritimo-contenedores-cerraron-2025-al-alza-en-las-principales-rutas-este-oeste\/#respond"]}]},{"@type":"WebPage","@id":"https:\/\/jpevlogistics.com\/en\/tarifas-spot-de-transporte-maritimo-contenedores-cerraron-2025-al-alza-en-las-principales-rutas-este-oeste\/","url":"https:\/\/jpevlogistics.com\/en\/tarifas-spot-de-transporte-maritimo-contenedores-cerraron-2025-al-alza-en-las-principales-rutas-este-oeste\/","name":"Tarifas spot de transporte mar\u00edtimo contenedores cerraron 2025 al alza en las principales rutas Este-Oeste - JPEV Logistics","isPartOf":{"@id":"https:\/\/jpevlogistics.com\/#website"},"primaryImageOfPage":{"@id":"https:\/\/jpevlogistics.com\/en\/tarifas-spot-de-transporte-maritimo-contenedores-cerraron-2025-al-alza-en-las-principales-rutas-este-oeste\/#primaryimage"},"image":{"@id":"https:\/\/jpevlogistics.com\/en\/tarifas-spot-de-transporte-maritimo-contenedores-cerraron-2025-al-alza-en-las-principales-rutas-este-oeste\/#primaryimage"},"thumbnailUrl":"https:\/\/jpevlogistics.com\/wp-content\/uploads\/2026\/01\/tarifas-sport-1.jpeg","datePublished":"2026-01-05T23:26:12+00:00","dateModified":"2026-01-05T23:36:02+00:00","breadcrumb":{"@id":"https:\/\/jpevlogistics.com\/en\/tarifas-spot-de-transporte-maritimo-contenedores-cerraron-2025-al-alza-en-las-principales-rutas-este-oeste\/#breadcrumb"},"inLanguage":"en-US","potentialAction":[{"@type":"ReadAction","target":["https:\/\/jpevlogistics.com\/en\/tarifas-spot-de-transporte-maritimo-contenedores-cerraron-2025-al-alza-en-las-principales-rutas-este-oeste\/"]}]},{"@type":"ImageObject","inLanguage":"en-US","@id":"https:\/\/jpevlogistics.com\/en\/tarifas-spot-de-transporte-maritimo-contenedores-cerraron-2025-al-alza-en-las-principales-rutas-este-oeste\/#primaryimage","url":"https:\/\/jpevlogistics.com\/wp-content\/uploads\/2026\/01\/tarifas-sport-1.jpeg","contentUrl":"https:\/\/jpevlogistics.com\/wp-content\/uploads\/2026\/01\/tarifas-sport-1.jpeg","width":798,"height":597},{"@type":"BreadcrumbList","@id":"https:\/\/jpevlogistics.com\/en\/tarifas-spot-de-transporte-maritimo-contenedores-cerraron-2025-al-alza-en-las-principales-rutas-este-oeste\/#breadcrumb","itemListElement":[{"@type":"ListItem","position":1,"name":"Portada","item":"https:\/\/jpevlogistics.com\/"},{"@type":"ListItem","position":2,"name":"Tarifas spot de transporte mar\u00edtimo contenedores cerraron 2025 al alza en las principales rutas Este-Oeste"}]},{"@type":"WebSite","@id":"https:\/\/jpevlogistics.com\/#website","url":"https:\/\/jpevlogistics.com\/","name":"JPEV Logistics","description":"","publisher":{"@id":"https:\/\/jpevlogistics.com\/#organization"},"potentialAction":[{"@type":"SearchAction","target":{"@type":"EntryPoint","urlTemplate":"https:\/\/jpevlogistics.com\/?s={search_term_string}"},"query-input":{"@type":"PropertyValueSpecification","valueRequired":true,"valueName":"search_term_string"}}],"inLanguage":"en-US"},{"@type":"Organization","@id":"https:\/\/jpevlogistics.com\/#organization","name":"JPEV Logistics","url":"https:\/\/jpevlogistics.com\/","logo":{"@type":"ImageObject","inLanguage":"en-US","@id":"https:\/\/jpevlogistics.com\/#\/schema\/logo\/image\/","url":"https:\/\/jpevlogistics.com\/wp-content\/uploads\/2020\/07\/logo.png","contentUrl":"https:\/\/jpevlogistics.com\/wp-content\/uploads\/2020\/07\/logo.png","width":214,"height":81,"caption":"JPEV Logistics"},"image":{"@id":"https:\/\/jpevlogistics.com\/#\/schema\/logo\/image\/"},"sameAs":["https:\/\/www.instagram.com\/jpevlogistics\/","https:\/\/www.linkedin.com\/company\/jpev-logistics\/"]},{"@type":"Person","@id":"https:\/\/jpevlogistics.com\/#\/schema\/person\/5cb83ed90e4ad10651470058bc190e62","name":"horacio","image":{"@type":"ImageObject","inLanguage":"en-US","@id":"https:\/\/secure.gravatar.com\/avatar\/49ba85a39487c51406dba7224109c3b2296f15c3dd1931dd024e3f540b12ea7d?s=96&d=mm&r=g","url":"https:\/\/secure.gravatar.com\/avatar\/49ba85a39487c51406dba7224109c3b2296f15c3dd1931dd024e3f540b12ea7d?s=96&d=mm&r=g","contentUrl":"https:\/\/secure.gravatar.com\/avatar\/49ba85a39487c51406dba7224109c3b2296f15c3dd1931dd024e3f540b12ea7d?s=96&d=mm&r=g","caption":"horacio"},"url":"https:\/\/jpevlogistics.com\/en\/author\/horacio\/"}]}},"_links":{"self":[{"href":"https:\/\/jpevlogistics.com\/en\/wp-json\/wp\/v2\/posts\/9392","targetHints":{"allow":["GET"]}}],"collection":[{"href":"https:\/\/jpevlogistics.com\/en\/wp-json\/wp\/v2\/posts"}],"about":[{"href":"https:\/\/jpevlogistics.com\/en\/wp-json\/wp\/v2\/types\/post"}],"author":[{"embeddable":true,"href":"https:\/\/jpevlogistics.com\/en\/wp-json\/wp\/v2\/users\/4"}],"replies":[{"embeddable":true,"href":"https:\/\/jpevlogistics.com\/en\/wp-json\/wp\/v2\/comments?post=9392"}],"version-history":[{"count":1,"href":"https:\/\/jpevlogistics.com\/en\/wp-json\/wp\/v2\/posts\/9392\/revisions"}],"predecessor-version":[{"id":9394,"href":"https:\/\/jpevlogistics.com\/en\/wp-json\/wp\/v2\/posts\/9392\/revisions\/9394"}],"wp:featuredmedia":[{"embeddable":true,"href":"https:\/\/jpevlogistics.com\/en\/wp-json\/wp\/v2\/media\/9393"}],"wp:attachment":[{"href":"https:\/\/jpevlogistics.com\/en\/wp-json\/wp\/v2\/media?parent=9392"}],"wp:term":[{"taxonomy":"category","embeddable":true,"href":"https:\/\/jpevlogistics.com\/en\/wp-json\/wp\/v2\/categories?post=9392"},{"taxonomy":"post_tag","embeddable":true,"href":"https:\/\/jpevlogistics.com\/en\/wp-json\/wp\/v2\/tags?post=9392"}],"curies":[{"name":"wp","href":"https:\/\/api.w.org\/{rel}","templated":true}]}}