{"id":9699,"date":"2026-03-04T14:06:51","date_gmt":"2026-03-04T14:06:51","guid":{"rendered":"https:\/\/jpevlogistics.com\/?p=9699"},"modified":"2026-03-04T14:06:52","modified_gmt":"2026-03-04T14:06:52","slug":"guerra-en-iran-profundiza-crisis-en-el-transporte-maritimo-de-contenedores-y-golpea-expectativas-para-2026","status":"publish","type":"post","link":"https:\/\/jpevlogistics.com\/en\/guerra-en-iran-profundiza-crisis-en-el-transporte-maritimo-de-contenedores-y-golpea-expectativas-para-2026\/","title":{"rendered":"Guerra en Ir\u00e1n profundiza crisis en el transporte mar\u00edtimo de contenedores y golpea expectativas para 2026"},"content":{"rendered":"<p>04\/03\/2026 &#8211; La escalada consolida la ruta por El Cabo de Buena Esperanza, genera alzas en seguros y riesgo de congesti\u00f3n regional<\/p>\n\n\n\n<p>Este 28 de febrero, Estados Unidos e Israel lanzaron ataques contra Ir\u00e1n, que respondi\u00f3 con ataques de misiles y\/o drones contra bases estadounidenses en Emiratos \u00c1rabes Unidos, Bar\u00e9in, Catar, Kuwait y Arabia Saud\u00ed, adem\u00e1s de Israel. La nueva fase del conflicto eleva de forma abrupta el riesgo para el transporte mar\u00edtimo, especialmente en el Golfo P\u00e9rsico, el Estrecho de Ormuz y el Mar Rojo.<\/p>\n\n\n\n<figure class=\"wp-block-image size-full\"><img fetchpriority=\"high\" decoding=\"async\" width=\"798\" height=\"598\" src=\"https:\/\/jpevlogistics.com\/wp-content\/uploads\/2026\/03\/Guerra-iran.jpeg\" alt=\"\" class=\"wp-image-9700\" srcset=\"https:\/\/jpevlogistics.com\/wp-content\/uploads\/2026\/03\/Guerra-iran.jpeg 798w, https:\/\/jpevlogistics.com\/wp-content\/uploads\/2026\/03\/Guerra-iran-300x225.jpeg 300w, https:\/\/jpevlogistics.com\/wp-content\/uploads\/2026\/03\/Guerra-iran-768x576.jpeg 768w, https:\/\/jpevlogistics.com\/wp-content\/uploads\/2026\/03\/Guerra-iran-16x12.jpeg 16w\" sizes=\"(max-width: 798px) 100vw, 798px\" \/><\/figure>\n\n\n\n<p>Las principales l\u00edneas navieras reaccionaron de inmediato.&nbsp;<strong>Hapag-Lloyd<\/strong>&nbsp;se\u00f1al\u00f3 que \u201cla seguridad de nuestras tripulaciones, buques y su carga sigue siendo nuestra m\u00e1xima prioridad\u201d, advirtiendo que los servicios con recaladas en el Golfo Ar\u00e1bigo \u201cpueden experimentar retrasos, desv\u00edos o ajustes de itinerario\u201d. Adem\u00e1s, subray\u00f3 que la medida \u201cno es discrecional sino una respuesta necesaria a las condiciones actuales\u201d. La l\u00ednea naviera, confirm\u00f3 tambi\u00e9n, la suspensi\u00f3n de la navegaci\u00f3n a trav\u00e9s del Estrecho de Ormuz.&nbsp;<\/p>\n\n\n\n<p><strong>CMA CGM<\/strong>&nbsp;orden\u00f3 que todos sus buques dentro o en ruta hacia el Golfo P\u00e9rsico \u201cprocedan inmediatamente a buscar refugio\u201d, suspendi\u00f3 el tr\u00e1nsito por el Canal de Suez y anunci\u00f3 desv\u00edos v\u00eda Cabo de Buena Esperanza. La decisi\u00f3n, precis\u00f3, \u201cest\u00e1 dictada por consideraciones de seguridad\u201d.&nbsp;<strong>MSC<\/strong>, en tanto,&nbsp; ha suspendido todas las reservas de carga mundial hacia la regi\u00f3n de Medio Oriente hasta nuevo aviso y<strong>&nbsp;Maersk&nbsp;<\/strong>informa que todos sus itinerarios en sus servicios \u2018MECL\u2019 y \u2018ME11\u2019 ser\u00e1n ahora redirigidas por el sur de \u00c1frica en lugar de la ruta de Suez a la que acababan de cambiar.<\/p>\n\n\n\n<p>El analista de la industria mar\u00edtima&nbsp;<em>Lars Jensen<\/em>&nbsp;describi\u00f3 el momento como el inicio de \u201cgrandes operaciones de combate en desarrollo en Medio Oriente\u201d y advirti\u00f3 que la crisis del Mar Rojo \u2014que ya suma 834 d\u00edas\u2014 podr\u00eda extenderse \u201cm\u00e1s all\u00e1 de los 1.000 d\u00edas\u201d si no hay un desenlace r\u00e1pido. Aunque precis\u00f3 que, si bien, \u201cactualmente no hay informes de que ning\u00fan buque comercial haya sido atacado\u201d, el Times of Israel cit\u00f3 fuentes hut\u00edes que anticipan una posible reanudaci\u00f3n de los ataques en el \u00e1rea.<\/p>\n\n\n\n<p><strong>Se consolida ruta a trav\u00e9s del Cabo de Buena Esperanza&nbsp;&nbsp;<\/strong><\/p>\n\n\n\n<p>La advertencia mar\u00edtima de Estados Unidos estableci\u00f3 una zona de riesgo en el&nbsp;<strong>Golfo P\u00e9rsico, Golfo de Om\u00e1n<\/strong>,&nbsp;<strong>Mar Ar\u00e1bigo Norte<\/strong>&nbsp;y&nbsp;<strong>Estrecho de Ormuz<\/strong>, se\u00f1alando que la Armada estadounidense \u201cno puede garantizar la seguridad\u201d de la navegaci\u00f3n mercante en el \u00e1rea.<\/p>\n\n\n\n<p>Desde la perspectiva de seguridad,&nbsp;<em>Jakob Larsen<\/em>, Chief Safety &amp; Security Officer de BIMCO, sostuvo que el ataque \u201cincrementa dram\u00e1ticamente el riesgo para los buques que operan en el Golfo P\u00e9rsico\u201d. A\u00f1adi\u00f3 que las tasas de seguro \u201caumentar\u00e1n muchas veces\u201d y que buques con v\u00ednculos comerciales con Estados Unidos o Israel \u201cprobablemente no podr\u00e1n obtener cobertura\u201d. Respecto del Estrecho de Ormuz, evalu\u00f3 que Ir\u00e1n tiene capacidad para \u201ccoaccionar a la navegaci\u00f3n comercial para impulsar la decisi\u00f3n de no entrar en el \u00e1rea de conflicto\u201d en el corto plazo.<\/p>\n\n\n\n<p>La consultora&nbsp;<em>Xeneta&nbsp;<\/em>advirti\u00f3 que la nueva escalada \u201cver\u00e1 una mayor militarizaci\u00f3n en torno al comercio mar\u00edtimo, destrozando las esperanzas de un regreso a gran escala del transporte de contenedores al Mar Rojo en 2026\u201d. Seg\u00fan su jefe de an\u00e1lisis,&nbsp;<em>Peter Sand<\/em>, si los hut\u00edes reanudan ataques \u2014\u201ccomo ahora parece probable\u201d\u2014 las navieras revertir\u00e1n cualquier retorno al Canal de Suez y priorizar\u00e1n rutas por el Cabo de Buena Esperanza.<\/p>\n\n\n\n<p>El impacto estructural no es menor. Navegar alrededor del Cabo de Buena Esperanza absorbe unos 2,5 millones de TEUs de capacidad global. Un regreso masivo al Mar Rojo habr\u00eda liberado esa capacidad y presionado fuertemente a la baja las tarifas. Sin embargo, con ese escenario ahora \u201cpoco probable\u201d,&nbsp;<em>Xeneta&nbsp;<\/em>estima que las tarifas seguir\u00e1n suaviz\u00e1ndose, pero \u201cno caer\u00e1n tan fuerte como se esperaba\u201d.<\/p>\n\n\n\n<p>En el Golfo P\u00e9rsico, la situaci\u00f3n es a\u00fan m\u00e1s delicada. No existe alternativa mar\u00edtima viable para puertos como Jebel Ali si el estrecho de Ormuz queda fuera de l\u00edmites.&nbsp;<em>Xeneta<\/em>&nbsp;anticipa que las l\u00edneas navieras omitir\u00e1n recaladas y descargar\u00e1n en puertos alternativos para transporte terrestre, lo que \u201ccausar\u00e1 severa disrupci\u00f3n y congesti\u00f3n portuaria a nivel regional\u201d, aunque sin el impacto sist\u00e9mico del Mar Rojo.<\/p>\n\n\n\n<p>En el corto plazo, los armadores eval\u00faan riesgos considerando intenci\u00f3n y capacidad de ataque, vulnerabilidad del buque y aceptaci\u00f3n de riesgo corporativa. Algunas l\u00edneas navieras optar\u00e1n por mantenerse completamente fuera de la zona; otras transitar\u00e1n con medidas reforzadas y coordinaci\u00f3n militar.<\/p>\n\n\n\n<p>Las primeras horas del conflicto muestran una reacci\u00f3n preventiva m\u00e1s que reactiva: b\u00fasqueda de refugio, desv\u00edos y suspensi\u00f3n de tr\u00e1nsitos clave. Si las hostilidades se prolongan o los hut\u00edes retoman ataques, la industria podr\u00eda enfrentar una prolongaci\u00f3n de la crisis log\u00edstica iniciada en 2023, consolidando un escenario de rutas m\u00e1s largas, mayor costo asegurador y persistente inestabilidad tarifaria.<\/p>","protected":false},"excerpt":{"rendered":"<p>04\/03\/2026 &#8211; La escalada consolida la ruta por El Cabo de Buena Esperanza, genera alzas en seguros y riesgo de congesti\u00f3n regional Este 28 de febrero, Estados Unidos e Israel lanzaron ataques contra Ir\u00e1n, que respondi\u00f3 con ataques de misiles y\/o drones contra bases estadounidenses en Emiratos \u00c1rabes Unidos, Bar\u00e9in, Catar, Kuwait y Arabia Saud\u00ed, [&hellip;]<\/p>\n","protected":false},"author":4,"featured_media":9700,"comment_status":"open","ping_status":"open","sticky":false,"template":"","format":"standard","meta":{"footnotes":""},"categories":[1],"tags":[],"class_list":["post-9699","post","type-post","status-publish","format-standard","has-post-thumbnail","hentry","category-sin-categoria"],"yoast_head":"<!-- This site is optimized with the Yoast SEO plugin v27.4 - https:\/\/yoast.com\/product\/yoast-seo-wordpress\/ -->\n<title>Guerra en Ir\u00e1n profundiza crisis en el transporte mar\u00edtimo de contenedores y golpea expectativas para 2026 - JPEV Logistics<\/title>\n<meta name=\"robots\" content=\"index, follow, max-snippet:-1, max-image-preview:large, max-video-preview:-1\" \/>\n<link rel=\"canonical\" href=\"https:\/\/jpevlogistics.com\/en\/guerra-en-iran-profundiza-crisis-en-el-transporte-maritimo-de-contenedores-y-golpea-expectativas-para-2026\/\" \/>\n<meta property=\"og:locale\" content=\"en_US\" \/>\n<meta property=\"og:type\" content=\"article\" \/>\n<meta property=\"og:title\" content=\"Guerra en Ir\u00e1n profundiza crisis en el transporte mar\u00edtimo de contenedores y golpea expectativas para 2026 - JPEV Logistics\" \/>\n<meta property=\"og:description\" content=\"04\/03\/2026 &#8211; La escalada consolida la ruta por El Cabo de Buena Esperanza, genera alzas en seguros y riesgo de congesti\u00f3n regional Este 28 de febrero, Estados Unidos e Israel lanzaron ataques contra Ir\u00e1n, que respondi\u00f3 con ataques de misiles y\/o drones contra bases estadounidenses en Emiratos \u00c1rabes Unidos, Bar\u00e9in, Catar, Kuwait y Arabia Saud\u00ed, [&hellip;]\" \/>\n<meta property=\"og:url\" content=\"https:\/\/jpevlogistics.com\/en\/guerra-en-iran-profundiza-crisis-en-el-transporte-maritimo-de-contenedores-y-golpea-expectativas-para-2026\/\" \/>\n<meta property=\"og:site_name\" content=\"JPEV Logistics\" \/>\n<meta property=\"article:published_time\" content=\"2026-03-04T14:06:51+00:00\" \/>\n<meta property=\"article:modified_time\" content=\"2026-03-04T14:06:52+00:00\" \/>\n<meta property=\"og:image\" content=\"https:\/\/jpevlogistics.com\/wp-content\/uploads\/2026\/03\/Guerra-iran.jpeg\" \/>\n\t<meta property=\"og:image:width\" content=\"798\" \/>\n\t<meta property=\"og:image:height\" content=\"598\" \/>\n\t<meta property=\"og:image:type\" content=\"image\/jpeg\" \/>\n<meta name=\"author\" content=\"horacio\" \/>\n<meta name=\"twitter:card\" content=\"summary_large_image\" \/>\n<meta name=\"twitter:label1\" content=\"Written by\" \/>\n\t<meta name=\"twitter:data1\" content=\"horacio\" \/>\n\t<meta name=\"twitter:label2\" content=\"Est. reading time\" \/>\n\t<meta name=\"twitter:data2\" content=\"4 minutes\" \/>\n<script type=\"application\/ld+json\" class=\"yoast-schema-graph\">{\"@context\":\"https:\\\/\\\/schema.org\",\"@graph\":[{\"@type\":\"Article\",\"@id\":\"https:\\\/\\\/jpevlogistics.com\\\/guerra-en-iran-profundiza-crisis-en-el-transporte-maritimo-de-contenedores-y-golpea-expectativas-para-2026\\\/#article\",\"isPartOf\":{\"@id\":\"https:\\\/\\\/jpevlogistics.com\\\/guerra-en-iran-profundiza-crisis-en-el-transporte-maritimo-de-contenedores-y-golpea-expectativas-para-2026\\\/\"},\"author\":{\"name\":\"horacio\",\"@id\":\"https:\\\/\\\/jpevlogistics.com\\\/#\\\/schema\\\/person\\\/5cb83ed90e4ad10651470058bc190e62\"},\"headline\":\"Guerra en Ir\u00e1n profundiza crisis en el transporte mar\u00edtimo de contenedores y golpea expectativas para 2026\",\"datePublished\":\"2026-03-04T14:06:51+00:00\",\"dateModified\":\"2026-03-04T14:06:52+00:00\",\"mainEntityOfPage\":{\"@id\":\"https:\\\/\\\/jpevlogistics.com\\\/guerra-en-iran-profundiza-crisis-en-el-transporte-maritimo-de-contenedores-y-golpea-expectativas-para-2026\\\/\"},\"wordCount\":905,\"commentCount\":0,\"publisher\":{\"@id\":\"https:\\\/\\\/jpevlogistics.com\\\/#organization\"},\"image\":{\"@id\":\"https:\\\/\\\/jpevlogistics.com\\\/guerra-en-iran-profundiza-crisis-en-el-transporte-maritimo-de-contenedores-y-golpea-expectativas-para-2026\\\/#primaryimage\"},\"thumbnailUrl\":\"https:\\\/\\\/jpevlogistics.com\\\/wp-content\\\/uploads\\\/2026\\\/03\\\/Guerra-iran.jpeg\",\"articleSection\":[\"Sin categor\u00eda\"],\"inLanguage\":\"en-US\",\"potentialAction\":[{\"@type\":\"CommentAction\",\"name\":\"Comment\",\"target\":[\"https:\\\/\\\/jpevlogistics.com\\\/guerra-en-iran-profundiza-crisis-en-el-transporte-maritimo-de-contenedores-y-golpea-expectativas-para-2026\\\/#respond\"]}]},{\"@type\":\"WebPage\",\"@id\":\"https:\\\/\\\/jpevlogistics.com\\\/guerra-en-iran-profundiza-crisis-en-el-transporte-maritimo-de-contenedores-y-golpea-expectativas-para-2026\\\/\",\"url\":\"https:\\\/\\\/jpevlogistics.com\\\/guerra-en-iran-profundiza-crisis-en-el-transporte-maritimo-de-contenedores-y-golpea-expectativas-para-2026\\\/\",\"name\":\"Guerra en Ir\u00e1n profundiza crisis en el transporte mar\u00edtimo de contenedores y golpea expectativas para 2026 - JPEV Logistics\",\"isPartOf\":{\"@id\":\"https:\\\/\\\/jpevlogistics.com\\\/#website\"},\"primaryImageOfPage\":{\"@id\":\"https:\\\/\\\/jpevlogistics.com\\\/guerra-en-iran-profundiza-crisis-en-el-transporte-maritimo-de-contenedores-y-golpea-expectativas-para-2026\\\/#primaryimage\"},\"image\":{\"@id\":\"https:\\\/\\\/jpevlogistics.com\\\/guerra-en-iran-profundiza-crisis-en-el-transporte-maritimo-de-contenedores-y-golpea-expectativas-para-2026\\\/#primaryimage\"},\"thumbnailUrl\":\"https:\\\/\\\/jpevlogistics.com\\\/wp-content\\\/uploads\\\/2026\\\/03\\\/Guerra-iran.jpeg\",\"datePublished\":\"2026-03-04T14:06:51+00:00\",\"dateModified\":\"2026-03-04T14:06:52+00:00\",\"breadcrumb\":{\"@id\":\"https:\\\/\\\/jpevlogistics.com\\\/guerra-en-iran-profundiza-crisis-en-el-transporte-maritimo-de-contenedores-y-golpea-expectativas-para-2026\\\/#breadcrumb\"},\"inLanguage\":\"en-US\",\"potentialAction\":[{\"@type\":\"ReadAction\",\"target\":[\"https:\\\/\\\/jpevlogistics.com\\\/guerra-en-iran-profundiza-crisis-en-el-transporte-maritimo-de-contenedores-y-golpea-expectativas-para-2026\\\/\"]}]},{\"@type\":\"ImageObject\",\"inLanguage\":\"en-US\",\"@id\":\"https:\\\/\\\/jpevlogistics.com\\\/guerra-en-iran-profundiza-crisis-en-el-transporte-maritimo-de-contenedores-y-golpea-expectativas-para-2026\\\/#primaryimage\",\"url\":\"https:\\\/\\\/jpevlogistics.com\\\/wp-content\\\/uploads\\\/2026\\\/03\\\/Guerra-iran.jpeg\",\"contentUrl\":\"https:\\\/\\\/jpevlogistics.com\\\/wp-content\\\/uploads\\\/2026\\\/03\\\/Guerra-iran.jpeg\",\"width\":798,\"height\":598},{\"@type\":\"BreadcrumbList\",\"@id\":\"https:\\\/\\\/jpevlogistics.com\\\/guerra-en-iran-profundiza-crisis-en-el-transporte-maritimo-de-contenedores-y-golpea-expectativas-para-2026\\\/#breadcrumb\",\"itemListElement\":[{\"@type\":\"ListItem\",\"position\":1,\"name\":\"Portada\",\"item\":\"https:\\\/\\\/jpevlogistics.com\\\/\"},{\"@type\":\"ListItem\",\"position\":2,\"name\":\"Guerra en Ir\u00e1n profundiza crisis en el transporte mar\u00edtimo de contenedores y golpea expectativas para 2026\"}]},{\"@type\":\"WebSite\",\"@id\":\"https:\\\/\\\/jpevlogistics.com\\\/#website\",\"url\":\"https:\\\/\\\/jpevlogistics.com\\\/\",\"name\":\"JPEV Logistics\",\"description\":\"\",\"publisher\":{\"@id\":\"https:\\\/\\\/jpevlogistics.com\\\/#organization\"},\"potentialAction\":[{\"@type\":\"SearchAction\",\"target\":{\"@type\":\"EntryPoint\",\"urlTemplate\":\"https:\\\/\\\/jpevlogistics.com\\\/?s={search_term_string}\"},\"query-input\":{\"@type\":\"PropertyValueSpecification\",\"valueRequired\":true,\"valueName\":\"search_term_string\"}}],\"inLanguage\":\"en-US\"},{\"@type\":\"Organization\",\"@id\":\"https:\\\/\\\/jpevlogistics.com\\\/#organization\",\"name\":\"JPEV Logistics\",\"url\":\"https:\\\/\\\/jpevlogistics.com\\\/\",\"logo\":{\"@type\":\"ImageObject\",\"inLanguage\":\"en-US\",\"@id\":\"https:\\\/\\\/jpevlogistics.com\\\/#\\\/schema\\\/logo\\\/image\\\/\",\"url\":\"https:\\\/\\\/jpevlogistics.com\\\/wp-content\\\/uploads\\\/2020\\\/07\\\/logo.png\",\"contentUrl\":\"https:\\\/\\\/jpevlogistics.com\\\/wp-content\\\/uploads\\\/2020\\\/07\\\/logo.png\",\"width\":214,\"height\":81,\"caption\":\"JPEV Logistics\"},\"image\":{\"@id\":\"https:\\\/\\\/jpevlogistics.com\\\/#\\\/schema\\\/logo\\\/image\\\/\"},\"sameAs\":[\"https:\\\/\\\/www.instagram.com\\\/jpevlogistics\\\/\",\"https:\\\/\\\/www.linkedin.com\\\/company\\\/jpev-logistics\\\/\"]},{\"@type\":\"Person\",\"@id\":\"https:\\\/\\\/jpevlogistics.com\\\/#\\\/schema\\\/person\\\/5cb83ed90e4ad10651470058bc190e62\",\"name\":\"horacio\",\"image\":{\"@type\":\"ImageObject\",\"inLanguage\":\"en-US\",\"@id\":\"https:\\\/\\\/secure.gravatar.com\\\/avatar\\\/49ba85a39487c51406dba7224109c3b2296f15c3dd1931dd024e3f540b12ea7d?s=96&d=mm&r=g\",\"url\":\"https:\\\/\\\/secure.gravatar.com\\\/avatar\\\/49ba85a39487c51406dba7224109c3b2296f15c3dd1931dd024e3f540b12ea7d?s=96&d=mm&r=g\",\"contentUrl\":\"https:\\\/\\\/secure.gravatar.com\\\/avatar\\\/49ba85a39487c51406dba7224109c3b2296f15c3dd1931dd024e3f540b12ea7d?s=96&d=mm&r=g\",\"caption\":\"horacio\"},\"url\":\"https:\\\/\\\/jpevlogistics.com\\\/en\\\/author\\\/horacio\\\/\"}]}<\/script>\n<!-- \/ Yoast SEO plugin. -->","yoast_head_json":{"title":"Guerra en Ir\u00e1n profundiza crisis en el transporte mar\u00edtimo de contenedores y golpea expectativas para 2026 - JPEV Logistics","robots":{"index":"index","follow":"follow","max-snippet":"max-snippet:-1","max-image-preview":"max-image-preview:large","max-video-preview":"max-video-preview:-1"},"canonical":"https:\/\/jpevlogistics.com\/en\/guerra-en-iran-profundiza-crisis-en-el-transporte-maritimo-de-contenedores-y-golpea-expectativas-para-2026\/","og_locale":"en_US","og_type":"article","og_title":"Guerra en Ir\u00e1n profundiza crisis en el transporte mar\u00edtimo de contenedores y golpea expectativas para 2026 - JPEV Logistics","og_description":"04\/03\/2026 &#8211; La escalada consolida la ruta por El Cabo de Buena Esperanza, genera alzas en seguros y riesgo de congesti\u00f3n regional Este 28 de febrero, Estados Unidos e Israel lanzaron ataques contra Ir\u00e1n, que respondi\u00f3 con ataques de misiles y\/o drones contra bases estadounidenses en Emiratos \u00c1rabes Unidos, Bar\u00e9in, Catar, Kuwait y Arabia Saud\u00ed, [&hellip;]","og_url":"https:\/\/jpevlogistics.com\/en\/guerra-en-iran-profundiza-crisis-en-el-transporte-maritimo-de-contenedores-y-golpea-expectativas-para-2026\/","og_site_name":"JPEV Logistics","article_published_time":"2026-03-04T14:06:51+00:00","article_modified_time":"2026-03-04T14:06:52+00:00","og_image":[{"width":798,"height":598,"url":"https:\/\/jpevlogistics.com\/wp-content\/uploads\/2026\/03\/Guerra-iran.jpeg","type":"image\/jpeg"}],"author":"horacio","twitter_card":"summary_large_image","twitter_misc":{"Written by":"horacio","Est. reading time":"4 minutes"},"schema":{"@context":"https:\/\/schema.org","@graph":[{"@type":"Article","@id":"https:\/\/jpevlogistics.com\/guerra-en-iran-profundiza-crisis-en-el-transporte-maritimo-de-contenedores-y-golpea-expectativas-para-2026\/#article","isPartOf":{"@id":"https:\/\/jpevlogistics.com\/guerra-en-iran-profundiza-crisis-en-el-transporte-maritimo-de-contenedores-y-golpea-expectativas-para-2026\/"},"author":{"name":"horacio","@id":"https:\/\/jpevlogistics.com\/#\/schema\/person\/5cb83ed90e4ad10651470058bc190e62"},"headline":"Guerra en Ir\u00e1n profundiza crisis en el transporte mar\u00edtimo de contenedores y golpea expectativas para 2026","datePublished":"2026-03-04T14:06:51+00:00","dateModified":"2026-03-04T14:06:52+00:00","mainEntityOfPage":{"@id":"https:\/\/jpevlogistics.com\/guerra-en-iran-profundiza-crisis-en-el-transporte-maritimo-de-contenedores-y-golpea-expectativas-para-2026\/"},"wordCount":905,"commentCount":0,"publisher":{"@id":"https:\/\/jpevlogistics.com\/#organization"},"image":{"@id":"https:\/\/jpevlogistics.com\/guerra-en-iran-profundiza-crisis-en-el-transporte-maritimo-de-contenedores-y-golpea-expectativas-para-2026\/#primaryimage"},"thumbnailUrl":"https:\/\/jpevlogistics.com\/wp-content\/uploads\/2026\/03\/Guerra-iran.jpeg","articleSection":["Sin categor\u00eda"],"inLanguage":"en-US","potentialAction":[{"@type":"CommentAction","name":"Comment","target":["https:\/\/jpevlogistics.com\/guerra-en-iran-profundiza-crisis-en-el-transporte-maritimo-de-contenedores-y-golpea-expectativas-para-2026\/#respond"]}]},{"@type":"WebPage","@id":"https:\/\/jpevlogistics.com\/guerra-en-iran-profundiza-crisis-en-el-transporte-maritimo-de-contenedores-y-golpea-expectativas-para-2026\/","url":"https:\/\/jpevlogistics.com\/guerra-en-iran-profundiza-crisis-en-el-transporte-maritimo-de-contenedores-y-golpea-expectativas-para-2026\/","name":"Guerra en Ir\u00e1n profundiza crisis en el transporte mar\u00edtimo de contenedores y golpea expectativas para 2026 - JPEV Logistics","isPartOf":{"@id":"https:\/\/jpevlogistics.com\/#website"},"primaryImageOfPage":{"@id":"https:\/\/jpevlogistics.com\/guerra-en-iran-profundiza-crisis-en-el-transporte-maritimo-de-contenedores-y-golpea-expectativas-para-2026\/#primaryimage"},"image":{"@id":"https:\/\/jpevlogistics.com\/guerra-en-iran-profundiza-crisis-en-el-transporte-maritimo-de-contenedores-y-golpea-expectativas-para-2026\/#primaryimage"},"thumbnailUrl":"https:\/\/jpevlogistics.com\/wp-content\/uploads\/2026\/03\/Guerra-iran.jpeg","datePublished":"2026-03-04T14:06:51+00:00","dateModified":"2026-03-04T14:06:52+00:00","breadcrumb":{"@id":"https:\/\/jpevlogistics.com\/guerra-en-iran-profundiza-crisis-en-el-transporte-maritimo-de-contenedores-y-golpea-expectativas-para-2026\/#breadcrumb"},"inLanguage":"en-US","potentialAction":[{"@type":"ReadAction","target":["https:\/\/jpevlogistics.com\/guerra-en-iran-profundiza-crisis-en-el-transporte-maritimo-de-contenedores-y-golpea-expectativas-para-2026\/"]}]},{"@type":"ImageObject","inLanguage":"en-US","@id":"https:\/\/jpevlogistics.com\/guerra-en-iran-profundiza-crisis-en-el-transporte-maritimo-de-contenedores-y-golpea-expectativas-para-2026\/#primaryimage","url":"https:\/\/jpevlogistics.com\/wp-content\/uploads\/2026\/03\/Guerra-iran.jpeg","contentUrl":"https:\/\/jpevlogistics.com\/wp-content\/uploads\/2026\/03\/Guerra-iran.jpeg","width":798,"height":598},{"@type":"BreadcrumbList","@id":"https:\/\/jpevlogistics.com\/guerra-en-iran-profundiza-crisis-en-el-transporte-maritimo-de-contenedores-y-golpea-expectativas-para-2026\/#breadcrumb","itemListElement":[{"@type":"ListItem","position":1,"name":"Portada","item":"https:\/\/jpevlogistics.com\/"},{"@type":"ListItem","position":2,"name":"Guerra en Ir\u00e1n profundiza crisis en el transporte mar\u00edtimo de contenedores y golpea expectativas para 2026"}]},{"@type":"WebSite","@id":"https:\/\/jpevlogistics.com\/#website","url":"https:\/\/jpevlogistics.com\/","name":"JPEV Logistics","description":"","publisher":{"@id":"https:\/\/jpevlogistics.com\/#organization"},"potentialAction":[{"@type":"SearchAction","target":{"@type":"EntryPoint","urlTemplate":"https:\/\/jpevlogistics.com\/?s={search_term_string}"},"query-input":{"@type":"PropertyValueSpecification","valueRequired":true,"valueName":"search_term_string"}}],"inLanguage":"en-US"},{"@type":"Organization","@id":"https:\/\/jpevlogistics.com\/#organization","name":"JPEV Logistics","url":"https:\/\/jpevlogistics.com\/","logo":{"@type":"ImageObject","inLanguage":"en-US","@id":"https:\/\/jpevlogistics.com\/#\/schema\/logo\/image\/","url":"https:\/\/jpevlogistics.com\/wp-content\/uploads\/2020\/07\/logo.png","contentUrl":"https:\/\/jpevlogistics.com\/wp-content\/uploads\/2020\/07\/logo.png","width":214,"height":81,"caption":"JPEV Logistics"},"image":{"@id":"https:\/\/jpevlogistics.com\/#\/schema\/logo\/image\/"},"sameAs":["https:\/\/www.instagram.com\/jpevlogistics\/","https:\/\/www.linkedin.com\/company\/jpev-logistics\/"]},{"@type":"Person","@id":"https:\/\/jpevlogistics.com\/#\/schema\/person\/5cb83ed90e4ad10651470058bc190e62","name":"horacio","image":{"@type":"ImageObject","inLanguage":"en-US","@id":"https:\/\/secure.gravatar.com\/avatar\/49ba85a39487c51406dba7224109c3b2296f15c3dd1931dd024e3f540b12ea7d?s=96&d=mm&r=g","url":"https:\/\/secure.gravatar.com\/avatar\/49ba85a39487c51406dba7224109c3b2296f15c3dd1931dd024e3f540b12ea7d?s=96&d=mm&r=g","contentUrl":"https:\/\/secure.gravatar.com\/avatar\/49ba85a39487c51406dba7224109c3b2296f15c3dd1931dd024e3f540b12ea7d?s=96&d=mm&r=g","caption":"horacio"},"url":"https:\/\/jpevlogistics.com\/en\/author\/horacio\/"}]}},"_links":{"self":[{"href":"https:\/\/jpevlogistics.com\/en\/wp-json\/wp\/v2\/posts\/9699","targetHints":{"allow":["GET"]}}],"collection":[{"href":"https:\/\/jpevlogistics.com\/en\/wp-json\/wp\/v2\/posts"}],"about":[{"href":"https:\/\/jpevlogistics.com\/en\/wp-json\/wp\/v2\/types\/post"}],"author":[{"embeddable":true,"href":"https:\/\/jpevlogistics.com\/en\/wp-json\/wp\/v2\/users\/4"}],"replies":[{"embeddable":true,"href":"https:\/\/jpevlogistics.com\/en\/wp-json\/wp\/v2\/comments?post=9699"}],"version-history":[{"count":1,"href":"https:\/\/jpevlogistics.com\/en\/wp-json\/wp\/v2\/posts\/9699\/revisions"}],"predecessor-version":[{"id":9701,"href":"https:\/\/jpevlogistics.com\/en\/wp-json\/wp\/v2\/posts\/9699\/revisions\/9701"}],"wp:featuredmedia":[{"embeddable":true,"href":"https:\/\/jpevlogistics.com\/en\/wp-json\/wp\/v2\/media\/9700"}],"wp:attachment":[{"href":"https:\/\/jpevlogistics.com\/en\/wp-json\/wp\/v2\/media?parent=9699"}],"wp:term":[{"taxonomy":"category","embeddable":true,"href":"https:\/\/jpevlogistics.com\/en\/wp-json\/wp\/v2\/categories?post=9699"},{"taxonomy":"post_tag","embeddable":true,"href":"https:\/\/jpevlogistics.com\/en\/wp-json\/wp\/v2\/tags?post=9699"}],"curies":[{"name":"wp","href":"https:\/\/api.w.org\/{rel}","templated":true}]}}