{"id":9715,"date":"2026-03-25T13:30:43","date_gmt":"2026-03-25T13:30:43","guid":{"rendered":"https:\/\/jpevlogistics.com\/?p=9715"},"modified":"2026-03-25T13:30:46","modified_gmt":"2026-03-25T13:30:46","slug":"guerra-en-medio-oriente-dispara-recargos-y-extiende-tiempos-de-transito-en-el-sector-portacontenedor","status":"publish","type":"post","link":"https:\/\/jpevlogistics.com\/en\/guerra-en-medio-oriente-dispara-recargos-y-extiende-tiempos-de-transito-en-el-sector-portacontenedor\/","title":{"rendered":"Guerra en Medio Oriente dispara recargos y extiende tiempos de tr\u00e1nsito en el sector portacontenedor"},"content":{"rendered":"<p>25\/03\/2026 &#8211; Desv\u00edos desde el Mar Rojo, cierre del Estrecho de Ormuz y precios del b\u00fanker incrementan costos operativo<\/p>\n\n\n\n<p>La agudizaci\u00f3n del conflicto en Medio Oriente est\u00e1 generando un efecto domin\u00f3 sobre el transporte mar\u00edtimo de contenedores, con impactos que van desde el cierre de facto en el Estrecho de Ormuz hasta la consolidaci\u00f3n de los desv\u00edos desde la ruta del Mar Rojo, pasando por congesti\u00f3n portuaria, mayores costos de combustible marino y un renovado ciclo alcista en recargos y tarifas.<\/p>\n\n\n\n<figure class=\"wp-block-image size-full\"><img fetchpriority=\"high\" decoding=\"async\" width=\"798\" height=\"598\" src=\"https:\/\/jpevlogistics.com\/wp-content\/uploads\/2026\/03\/guerra-Iran-1.jpeg\" alt=\"\" class=\"wp-image-9716\" srcset=\"https:\/\/jpevlogistics.com\/wp-content\/uploads\/2026\/03\/guerra-Iran-1.jpeg 798w, https:\/\/jpevlogistics.com\/wp-content\/uploads\/2026\/03\/guerra-Iran-1-300x225.jpeg 300w, https:\/\/jpevlogistics.com\/wp-content\/uploads\/2026\/03\/guerra-Iran-1-768x576.jpeg 768w, https:\/\/jpevlogistics.com\/wp-content\/uploads\/2026\/03\/guerra-Iran-1-16x12.jpeg 16w\" sizes=\"(max-width: 798px) 100vw, 798px\" \/><\/figure>\n\n\n\n<p>En el frente energ\u00e9tico, los ataques y tensiones en torno al Estrecho de Ormuz \u2014ruta clave para cerca del 20% del petr\u00f3leo global\u2014 han alterado el tr\u00e1fico de tanqueros y elevado los precios del crudo. Este escenario ya se traduce en mayores costos operativos para las l\u00edneas navieras. De hecho, el&nbsp;<strong>alza del bunker<\/strong>&nbsp;ha sido inmediata: \u201cLos precios del VLSFO contin\u00faan subiendo, con un promedio global de US$1.068 por tonelada\u201d, advierte el analista&nbsp;<em>Lars Jensen<\/em>, subrayando adem\u00e1s un incremento significativo del diferencial con combustibles de alto contenido de azufre.<\/p>\n\n\n\n<p>El encarecimiento del combustible ha impulsado la&nbsp;<strong>introducci\u00f3n de recargos<\/strong>&nbsp;de emergencia. Es el caso de&nbsp;<strong>CMA CGM<\/strong>&nbsp;que elev\u00f3 su recargo desde US$150\/TEU a US$265\/TEU, mientras que otras l\u00edneas navieras como&nbsp;<strong>OOCL<\/strong>,&nbsp;<strong>COSCO<\/strong>&nbsp;y&nbsp;<strong>Maersk<\/strong>&nbsp;implementaron EBS (<em>emergency bunker surcharge<\/em>) temporales. Seg\u00fan<em>&nbsp;Drewry<\/em>, se espera que estas medidas \u201cimpulsen las tarifas de flete\u201d.<\/p>\n\n\n\n<p>En paralelo, la&nbsp;<strong>crisis en el Mar Rojo<\/strong>&nbsp;\u2014que ya suma m\u00e1s de dos a\u00f1os\u2014 contin\u00faa condicionando las rutas globales. Aunque no se trata de un cierre formal, la mayor\u00eda de las grandes navieras sigue evitando la zona.&nbsp;<em>Jensen<\/em>&nbsp;es categ\u00f3rico: \u201ctodas las grandes l\u00edneas navieras contin\u00faan desviando sus rutas alrededor de \u00c1frica\u201d, reflejando que los riesgos no han disminuido pese a las acciones militares.<\/p>\n\n\n\n<p>Este doble foco de tensi\u00f3n ha llevado a una reconfiguraci\u00f3n de redes y rutas. \u201cLos propietarios de carga est\u00e1n explorando todas las soluciones disponibles\u2026 ya sea mediante puentes terrestres, redireccionamientos o redes alternativas\u201d, explica&nbsp;<em>Peter Sand<\/em>, de&nbsp;<em>Xeneta<\/em>. En este contexto, se observa un cambio en los puertos de recalada, con&nbsp;<em>hubs&nbsp;<\/em>alternativos ganando protagonismo. Un caso emblem\u00e1tico es&nbsp;<strong>Nhava Sheva<\/strong>&nbsp;(en la imagen), en India, que \u201cha emergido como uno de los puertos m\u00e1s atractivos para redireccionar cargas frustradas\u201d.<\/p>\n\n\n\n<p>El impacto en las&nbsp;<strong>tarifas spot<\/strong>&nbsp;en estas rutas a nivel regional ha sido significativo. Seg\u00fan Xeneta, el flete entre China y Nhava Sheva aument\u00f3 cerca de 70% en un mes, mientras que el segmento m\u00e1s alto del mercado casi se duplic\u00f3. \u201cExiste una lucha por la capacidad, con due\u00f1os de carga dispuestos a pagar tarifas elevadas para movilizarlas\u201d, afirma&nbsp;<em>Sand<\/em>.<\/p>\n\n\n\n<p>A nivel global, el efecto se amplifica por la&nbsp;<strong>congesti\u00f3n portuaria<\/strong>, que se ha extendido m\u00e1s all\u00e1 del epicentro del conflicto. \u201cLa congesti\u00f3n portuaria contin\u00faa expandi\u00e9ndose a lo largo de las cadenas de suministro mar\u00edtimas\u2026 particularmente en los principales<em>&nbsp;hubs<\/em>&nbsp;de transbordo en Asia\u201d, advierte&nbsp;<em>Xeneta<\/em>. Puertos clave como Port Klang (50%), Colombo (46%) y Singapur (36%) muestran niveles elevados, afectando incluso cargas sin destino en Medio Oriente.<\/p>\n\n\n\n<p>La congesti\u00f3n tambi\u00e9n se observa en puertos alternativos y rutas de desv\u00edo. Seg\u00fan&nbsp;<em>Freightos<\/em>, las&nbsp;<strong>l\u00edneas navieras est\u00e1n redirigiendo contenedores<\/strong>&nbsp;hacia puertos en Om\u00e1n, Emiratos \u00c1rabes Unidos y Arabia Saudita, apoy\u00e1ndose en conexiones terrestres, adem\u00e1s de intensificar el uso de&nbsp;<em>hubs<\/em>&nbsp;en India. Sin embargo, esta estrategia est\u00e1 generando nuevas presiones: \u201cLa congesti\u00f3n ya est\u00e1 aumentando en estos puertos alternativos, as\u00ed como en India\u201d.<\/p>\n\n\n\n<p>En cuanto a las&nbsp;<strong>tarifas spot<\/strong>, a nivel global, el impacto es heterog\u00e9neo.&nbsp;<em>Drewry<\/em>&nbsp;reporta que su World Container Index (WCI) subi\u00f3 2% semanal hasta US$2.172\/FEU, con incrementos m\u00e1s marcados en el Transpac\u00edfico. No obstante, el verdadero impulso podr\u00eda venir de los recargos: \u201clas l\u00edneas navieras han anunciado una ola de recargos de emergencia, PSS (<em>peak season surcharge<\/em>) y GRI (<em>general rate increase<\/em>)\u2026 algunos de ellos por miles de d\u00f3lares por contenedor\u201d, apunta&nbsp;<em>Freightos<\/em>.<\/p>\n\n\n\n<p>Aunque algunos analistas anticipan resistencia de los propietarios a estos incrementos, la tendencia apunta al alza. Como resume&nbsp;<em>Sand<\/em>: \u201cEstamos viendo exactamente lo que anticip\u00e1bamos\u2026 mayores tiempos de tr\u00e1nsito y recargos aplic\u00e1ndose de forma generalizada\u201d.<\/p>\n\n\n\n<p>Con cerca de 800.000 contenedores mensuales que antes ingresaban a la regi\u00f3n afectada, la industria enfrenta el desaf\u00edo de mantener las cadenas log\u00edsticas operativas en un entorno de alta incertidumbre. En este escenario, los desv\u00edos, los costos crecientes y la inestabilidad tarifaria se consolidan como variables estructurales del comercio mar\u00edtimo global.<\/p>","protected":false},"excerpt":{"rendered":"<p>25\/03\/2026 &#8211; Desv\u00edos desde el Mar Rojo, cierre del Estrecho de Ormuz y precios del b\u00fanker incrementan costos operativo La agudizaci\u00f3n del conflicto en Medio Oriente est\u00e1 generando un efecto domin\u00f3 sobre el transporte mar\u00edtimo de contenedores, con impactos que van desde el cierre de facto en el Estrecho de Ormuz hasta la consolidaci\u00f3n de [&hellip;]<\/p>\n","protected":false},"author":4,"featured_media":9716,"comment_status":"open","ping_status":"open","sticky":false,"template":"","format":"standard","meta":{"footnotes":""},"categories":[1],"tags":[],"class_list":["post-9715","post","type-post","status-publish","format-standard","has-post-thumbnail","hentry","category-sin-categoria"],"yoast_head":"<!-- This site is optimized with the Yoast SEO plugin v27.4 - https:\/\/yoast.com\/product\/yoast-seo-wordpress\/ -->\n<title>Guerra en Medio Oriente dispara recargos y extiende tiempos de tr\u00e1nsito en el sector portacontenedor - JPEV Logistics<\/title>\n<meta name=\"robots\" content=\"index, follow, max-snippet:-1, max-image-preview:large, max-video-preview:-1\" \/>\n<link rel=\"canonical\" href=\"https:\/\/jpevlogistics.com\/en\/guerra-en-medio-oriente-dispara-recargos-y-extiende-tiempos-de-transito-en-el-sector-portacontenedor\/\" \/>\n<meta property=\"og:locale\" content=\"en_US\" \/>\n<meta property=\"og:type\" content=\"article\" \/>\n<meta property=\"og:title\" content=\"Guerra en Medio Oriente dispara recargos y extiende tiempos de tr\u00e1nsito en el sector portacontenedor - JPEV Logistics\" \/>\n<meta property=\"og:description\" content=\"25\/03\/2026 &#8211; Desv\u00edos desde el Mar Rojo, cierre del Estrecho de Ormuz y precios del b\u00fanker incrementan costos operativo La agudizaci\u00f3n del conflicto en Medio Oriente est\u00e1 generando un efecto domin\u00f3 sobre el transporte mar\u00edtimo de contenedores, con impactos que van desde el cierre de facto en el Estrecho de Ormuz hasta la consolidaci\u00f3n de [&hellip;]\" \/>\n<meta property=\"og:url\" content=\"https:\/\/jpevlogistics.com\/en\/guerra-en-medio-oriente-dispara-recargos-y-extiende-tiempos-de-transito-en-el-sector-portacontenedor\/\" \/>\n<meta property=\"og:site_name\" content=\"JPEV Logistics\" \/>\n<meta property=\"article:published_time\" content=\"2026-03-25T13:30:43+00:00\" \/>\n<meta property=\"article:modified_time\" content=\"2026-03-25T13:30:46+00:00\" \/>\n<meta property=\"og:image\" content=\"https:\/\/jpevlogistics.com\/wp-content\/uploads\/2026\/03\/guerra-Iran-1.jpeg\" \/>\n\t<meta property=\"og:image:width\" content=\"798\" \/>\n\t<meta property=\"og:image:height\" content=\"598\" \/>\n\t<meta property=\"og:image:type\" content=\"image\/jpeg\" \/>\n<meta name=\"author\" content=\"horacio\" \/>\n<meta name=\"twitter:card\" content=\"summary_large_image\" \/>\n<meta name=\"twitter:label1\" content=\"Written by\" \/>\n\t<meta name=\"twitter:data1\" content=\"horacio\" \/>\n\t<meta name=\"twitter:label2\" content=\"Est. reading time\" \/>\n\t<meta name=\"twitter:data2\" content=\"4 minutes\" \/>\n<script type=\"application\/ld+json\" class=\"yoast-schema-graph\">{\"@context\":\"https:\\\/\\\/schema.org\",\"@graph\":[{\"@type\":\"Article\",\"@id\":\"https:\\\/\\\/jpevlogistics.com\\\/guerra-en-medio-oriente-dispara-recargos-y-extiende-tiempos-de-transito-en-el-sector-portacontenedor\\\/#article\",\"isPartOf\":{\"@id\":\"https:\\\/\\\/jpevlogistics.com\\\/guerra-en-medio-oriente-dispara-recargos-y-extiende-tiempos-de-transito-en-el-sector-portacontenedor\\\/\"},\"author\":{\"name\":\"horacio\",\"@id\":\"https:\\\/\\\/jpevlogistics.com\\\/#\\\/schema\\\/person\\\/5cb83ed90e4ad10651470058bc190e62\"},\"headline\":\"Guerra en Medio Oriente dispara recargos y extiende tiempos de tr\u00e1nsito en el sector portacontenedor\",\"datePublished\":\"2026-03-25T13:30:43+00:00\",\"dateModified\":\"2026-03-25T13:30:46+00:00\",\"mainEntityOfPage\":{\"@id\":\"https:\\\/\\\/jpevlogistics.com\\\/guerra-en-medio-oriente-dispara-recargos-y-extiende-tiempos-de-transito-en-el-sector-portacontenedor\\\/\"},\"wordCount\":835,\"commentCount\":0,\"publisher\":{\"@id\":\"https:\\\/\\\/jpevlogistics.com\\\/#organization\"},\"image\":{\"@id\":\"https:\\\/\\\/jpevlogistics.com\\\/guerra-en-medio-oriente-dispara-recargos-y-extiende-tiempos-de-transito-en-el-sector-portacontenedor\\\/#primaryimage\"},\"thumbnailUrl\":\"https:\\\/\\\/jpevlogistics.com\\\/wp-content\\\/uploads\\\/2026\\\/03\\\/guerra-Iran-1.jpeg\",\"articleSection\":[\"Sin categor\u00eda\"],\"inLanguage\":\"en-US\",\"potentialAction\":[{\"@type\":\"CommentAction\",\"name\":\"Comment\",\"target\":[\"https:\\\/\\\/jpevlogistics.com\\\/guerra-en-medio-oriente-dispara-recargos-y-extiende-tiempos-de-transito-en-el-sector-portacontenedor\\\/#respond\"]}]},{\"@type\":\"WebPage\",\"@id\":\"https:\\\/\\\/jpevlogistics.com\\\/guerra-en-medio-oriente-dispara-recargos-y-extiende-tiempos-de-transito-en-el-sector-portacontenedor\\\/\",\"url\":\"https:\\\/\\\/jpevlogistics.com\\\/guerra-en-medio-oriente-dispara-recargos-y-extiende-tiempos-de-transito-en-el-sector-portacontenedor\\\/\",\"name\":\"Guerra en Medio Oriente dispara recargos y extiende tiempos de tr\u00e1nsito en el sector portacontenedor - JPEV Logistics\",\"isPartOf\":{\"@id\":\"https:\\\/\\\/jpevlogistics.com\\\/#website\"},\"primaryImageOfPage\":{\"@id\":\"https:\\\/\\\/jpevlogistics.com\\\/guerra-en-medio-oriente-dispara-recargos-y-extiende-tiempos-de-transito-en-el-sector-portacontenedor\\\/#primaryimage\"},\"image\":{\"@id\":\"https:\\\/\\\/jpevlogistics.com\\\/guerra-en-medio-oriente-dispara-recargos-y-extiende-tiempos-de-transito-en-el-sector-portacontenedor\\\/#primaryimage\"},\"thumbnailUrl\":\"https:\\\/\\\/jpevlogistics.com\\\/wp-content\\\/uploads\\\/2026\\\/03\\\/guerra-Iran-1.jpeg\",\"datePublished\":\"2026-03-25T13:30:43+00:00\",\"dateModified\":\"2026-03-25T13:30:46+00:00\",\"breadcrumb\":{\"@id\":\"https:\\\/\\\/jpevlogistics.com\\\/guerra-en-medio-oriente-dispara-recargos-y-extiende-tiempos-de-transito-en-el-sector-portacontenedor\\\/#breadcrumb\"},\"inLanguage\":\"en-US\",\"potentialAction\":[{\"@type\":\"ReadAction\",\"target\":[\"https:\\\/\\\/jpevlogistics.com\\\/guerra-en-medio-oriente-dispara-recargos-y-extiende-tiempos-de-transito-en-el-sector-portacontenedor\\\/\"]}]},{\"@type\":\"ImageObject\",\"inLanguage\":\"en-US\",\"@id\":\"https:\\\/\\\/jpevlogistics.com\\\/guerra-en-medio-oriente-dispara-recargos-y-extiende-tiempos-de-transito-en-el-sector-portacontenedor\\\/#primaryimage\",\"url\":\"https:\\\/\\\/jpevlogistics.com\\\/wp-content\\\/uploads\\\/2026\\\/03\\\/guerra-Iran-1.jpeg\",\"contentUrl\":\"https:\\\/\\\/jpevlogistics.com\\\/wp-content\\\/uploads\\\/2026\\\/03\\\/guerra-Iran-1.jpeg\",\"width\":798,\"height\":598},{\"@type\":\"BreadcrumbList\",\"@id\":\"https:\\\/\\\/jpevlogistics.com\\\/guerra-en-medio-oriente-dispara-recargos-y-extiende-tiempos-de-transito-en-el-sector-portacontenedor\\\/#breadcrumb\",\"itemListElement\":[{\"@type\":\"ListItem\",\"position\":1,\"name\":\"Portada\",\"item\":\"https:\\\/\\\/jpevlogistics.com\\\/\"},{\"@type\":\"ListItem\",\"position\":2,\"name\":\"Guerra en Medio Oriente dispara recargos y extiende tiempos de tr\u00e1nsito en el sector portacontenedor\"}]},{\"@type\":\"WebSite\",\"@id\":\"https:\\\/\\\/jpevlogistics.com\\\/#website\",\"url\":\"https:\\\/\\\/jpevlogistics.com\\\/\",\"name\":\"JPEV Logistics\",\"description\":\"\",\"publisher\":{\"@id\":\"https:\\\/\\\/jpevlogistics.com\\\/#organization\"},\"potentialAction\":[{\"@type\":\"SearchAction\",\"target\":{\"@type\":\"EntryPoint\",\"urlTemplate\":\"https:\\\/\\\/jpevlogistics.com\\\/?s={search_term_string}\"},\"query-input\":{\"@type\":\"PropertyValueSpecification\",\"valueRequired\":true,\"valueName\":\"search_term_string\"}}],\"inLanguage\":\"en-US\"},{\"@type\":\"Organization\",\"@id\":\"https:\\\/\\\/jpevlogistics.com\\\/#organization\",\"name\":\"JPEV Logistics\",\"url\":\"https:\\\/\\\/jpevlogistics.com\\\/\",\"logo\":{\"@type\":\"ImageObject\",\"inLanguage\":\"en-US\",\"@id\":\"https:\\\/\\\/jpevlogistics.com\\\/#\\\/schema\\\/logo\\\/image\\\/\",\"url\":\"https:\\\/\\\/jpevlogistics.com\\\/wp-content\\\/uploads\\\/2020\\\/07\\\/logo.png\",\"contentUrl\":\"https:\\\/\\\/jpevlogistics.com\\\/wp-content\\\/uploads\\\/2020\\\/07\\\/logo.png\",\"width\":214,\"height\":81,\"caption\":\"JPEV Logistics\"},\"image\":{\"@id\":\"https:\\\/\\\/jpevlogistics.com\\\/#\\\/schema\\\/logo\\\/image\\\/\"},\"sameAs\":[\"https:\\\/\\\/www.instagram.com\\\/jpevlogistics\\\/\",\"https:\\\/\\\/www.linkedin.com\\\/company\\\/jpev-logistics\\\/\"]},{\"@type\":\"Person\",\"@id\":\"https:\\\/\\\/jpevlogistics.com\\\/#\\\/schema\\\/person\\\/5cb83ed90e4ad10651470058bc190e62\",\"name\":\"horacio\",\"image\":{\"@type\":\"ImageObject\",\"inLanguage\":\"en-US\",\"@id\":\"https:\\\/\\\/secure.gravatar.com\\\/avatar\\\/49ba85a39487c51406dba7224109c3b2296f15c3dd1931dd024e3f540b12ea7d?s=96&d=mm&r=g\",\"url\":\"https:\\\/\\\/secure.gravatar.com\\\/avatar\\\/49ba85a39487c51406dba7224109c3b2296f15c3dd1931dd024e3f540b12ea7d?s=96&d=mm&r=g\",\"contentUrl\":\"https:\\\/\\\/secure.gravatar.com\\\/avatar\\\/49ba85a39487c51406dba7224109c3b2296f15c3dd1931dd024e3f540b12ea7d?s=96&d=mm&r=g\",\"caption\":\"horacio\"},\"url\":\"https:\\\/\\\/jpevlogistics.com\\\/en\\\/author\\\/horacio\\\/\"}]}<\/script>\n<!-- \/ Yoast SEO plugin. -->","yoast_head_json":{"title":"Guerra en Medio Oriente dispara recargos y extiende tiempos de tr\u00e1nsito en el sector portacontenedor - JPEV Logistics","robots":{"index":"index","follow":"follow","max-snippet":"max-snippet:-1","max-image-preview":"max-image-preview:large","max-video-preview":"max-video-preview:-1"},"canonical":"https:\/\/jpevlogistics.com\/en\/guerra-en-medio-oriente-dispara-recargos-y-extiende-tiempos-de-transito-en-el-sector-portacontenedor\/","og_locale":"en_US","og_type":"article","og_title":"Guerra en Medio Oriente dispara recargos y extiende tiempos de tr\u00e1nsito en el sector portacontenedor - JPEV Logistics","og_description":"25\/03\/2026 &#8211; Desv\u00edos desde el Mar Rojo, cierre del Estrecho de Ormuz y precios del b\u00fanker incrementan costos operativo La agudizaci\u00f3n del conflicto en Medio Oriente est\u00e1 generando un efecto domin\u00f3 sobre el transporte mar\u00edtimo de contenedores, con impactos que van desde el cierre de facto en el Estrecho de Ormuz hasta la consolidaci\u00f3n de [&hellip;]","og_url":"https:\/\/jpevlogistics.com\/en\/guerra-en-medio-oriente-dispara-recargos-y-extiende-tiempos-de-transito-en-el-sector-portacontenedor\/","og_site_name":"JPEV Logistics","article_published_time":"2026-03-25T13:30:43+00:00","article_modified_time":"2026-03-25T13:30:46+00:00","og_image":[{"width":798,"height":598,"url":"https:\/\/jpevlogistics.com\/wp-content\/uploads\/2026\/03\/guerra-Iran-1.jpeg","type":"image\/jpeg"}],"author":"horacio","twitter_card":"summary_large_image","twitter_misc":{"Written by":"horacio","Est. reading time":"4 minutes"},"schema":{"@context":"https:\/\/schema.org","@graph":[{"@type":"Article","@id":"https:\/\/jpevlogistics.com\/guerra-en-medio-oriente-dispara-recargos-y-extiende-tiempos-de-transito-en-el-sector-portacontenedor\/#article","isPartOf":{"@id":"https:\/\/jpevlogistics.com\/guerra-en-medio-oriente-dispara-recargos-y-extiende-tiempos-de-transito-en-el-sector-portacontenedor\/"},"author":{"name":"horacio","@id":"https:\/\/jpevlogistics.com\/#\/schema\/person\/5cb83ed90e4ad10651470058bc190e62"},"headline":"Guerra en Medio Oriente dispara recargos y extiende tiempos de tr\u00e1nsito en el sector portacontenedor","datePublished":"2026-03-25T13:30:43+00:00","dateModified":"2026-03-25T13:30:46+00:00","mainEntityOfPage":{"@id":"https:\/\/jpevlogistics.com\/guerra-en-medio-oriente-dispara-recargos-y-extiende-tiempos-de-transito-en-el-sector-portacontenedor\/"},"wordCount":835,"commentCount":0,"publisher":{"@id":"https:\/\/jpevlogistics.com\/#organization"},"image":{"@id":"https:\/\/jpevlogistics.com\/guerra-en-medio-oriente-dispara-recargos-y-extiende-tiempos-de-transito-en-el-sector-portacontenedor\/#primaryimage"},"thumbnailUrl":"https:\/\/jpevlogistics.com\/wp-content\/uploads\/2026\/03\/guerra-Iran-1.jpeg","articleSection":["Sin categor\u00eda"],"inLanguage":"en-US","potentialAction":[{"@type":"CommentAction","name":"Comment","target":["https:\/\/jpevlogistics.com\/guerra-en-medio-oriente-dispara-recargos-y-extiende-tiempos-de-transito-en-el-sector-portacontenedor\/#respond"]}]},{"@type":"WebPage","@id":"https:\/\/jpevlogistics.com\/guerra-en-medio-oriente-dispara-recargos-y-extiende-tiempos-de-transito-en-el-sector-portacontenedor\/","url":"https:\/\/jpevlogistics.com\/guerra-en-medio-oriente-dispara-recargos-y-extiende-tiempos-de-transito-en-el-sector-portacontenedor\/","name":"Guerra en Medio Oriente dispara recargos y extiende tiempos de tr\u00e1nsito en el sector portacontenedor - JPEV Logistics","isPartOf":{"@id":"https:\/\/jpevlogistics.com\/#website"},"primaryImageOfPage":{"@id":"https:\/\/jpevlogistics.com\/guerra-en-medio-oriente-dispara-recargos-y-extiende-tiempos-de-transito-en-el-sector-portacontenedor\/#primaryimage"},"image":{"@id":"https:\/\/jpevlogistics.com\/guerra-en-medio-oriente-dispara-recargos-y-extiende-tiempos-de-transito-en-el-sector-portacontenedor\/#primaryimage"},"thumbnailUrl":"https:\/\/jpevlogistics.com\/wp-content\/uploads\/2026\/03\/guerra-Iran-1.jpeg","datePublished":"2026-03-25T13:30:43+00:00","dateModified":"2026-03-25T13:30:46+00:00","breadcrumb":{"@id":"https:\/\/jpevlogistics.com\/guerra-en-medio-oriente-dispara-recargos-y-extiende-tiempos-de-transito-en-el-sector-portacontenedor\/#breadcrumb"},"inLanguage":"en-US","potentialAction":[{"@type":"ReadAction","target":["https:\/\/jpevlogistics.com\/guerra-en-medio-oriente-dispara-recargos-y-extiende-tiempos-de-transito-en-el-sector-portacontenedor\/"]}]},{"@type":"ImageObject","inLanguage":"en-US","@id":"https:\/\/jpevlogistics.com\/guerra-en-medio-oriente-dispara-recargos-y-extiende-tiempos-de-transito-en-el-sector-portacontenedor\/#primaryimage","url":"https:\/\/jpevlogistics.com\/wp-content\/uploads\/2026\/03\/guerra-Iran-1.jpeg","contentUrl":"https:\/\/jpevlogistics.com\/wp-content\/uploads\/2026\/03\/guerra-Iran-1.jpeg","width":798,"height":598},{"@type":"BreadcrumbList","@id":"https:\/\/jpevlogistics.com\/guerra-en-medio-oriente-dispara-recargos-y-extiende-tiempos-de-transito-en-el-sector-portacontenedor\/#breadcrumb","itemListElement":[{"@type":"ListItem","position":1,"name":"Portada","item":"https:\/\/jpevlogistics.com\/"},{"@type":"ListItem","position":2,"name":"Guerra en Medio Oriente dispara recargos y extiende tiempos de tr\u00e1nsito en el sector portacontenedor"}]},{"@type":"WebSite","@id":"https:\/\/jpevlogistics.com\/#website","url":"https:\/\/jpevlogistics.com\/","name":"JPEV Logistics","description":"","publisher":{"@id":"https:\/\/jpevlogistics.com\/#organization"},"potentialAction":[{"@type":"SearchAction","target":{"@type":"EntryPoint","urlTemplate":"https:\/\/jpevlogistics.com\/?s={search_term_string}"},"query-input":{"@type":"PropertyValueSpecification","valueRequired":true,"valueName":"search_term_string"}}],"inLanguage":"en-US"},{"@type":"Organization","@id":"https:\/\/jpevlogistics.com\/#organization","name":"JPEV Logistics","url":"https:\/\/jpevlogistics.com\/","logo":{"@type":"ImageObject","inLanguage":"en-US","@id":"https:\/\/jpevlogistics.com\/#\/schema\/logo\/image\/","url":"https:\/\/jpevlogistics.com\/wp-content\/uploads\/2020\/07\/logo.png","contentUrl":"https:\/\/jpevlogistics.com\/wp-content\/uploads\/2020\/07\/logo.png","width":214,"height":81,"caption":"JPEV Logistics"},"image":{"@id":"https:\/\/jpevlogistics.com\/#\/schema\/logo\/image\/"},"sameAs":["https:\/\/www.instagram.com\/jpevlogistics\/","https:\/\/www.linkedin.com\/company\/jpev-logistics\/"]},{"@type":"Person","@id":"https:\/\/jpevlogistics.com\/#\/schema\/person\/5cb83ed90e4ad10651470058bc190e62","name":"horacio","image":{"@type":"ImageObject","inLanguage":"en-US","@id":"https:\/\/secure.gravatar.com\/avatar\/49ba85a39487c51406dba7224109c3b2296f15c3dd1931dd024e3f540b12ea7d?s=96&d=mm&r=g","url":"https:\/\/secure.gravatar.com\/avatar\/49ba85a39487c51406dba7224109c3b2296f15c3dd1931dd024e3f540b12ea7d?s=96&d=mm&r=g","contentUrl":"https:\/\/secure.gravatar.com\/avatar\/49ba85a39487c51406dba7224109c3b2296f15c3dd1931dd024e3f540b12ea7d?s=96&d=mm&r=g","caption":"horacio"},"url":"https:\/\/jpevlogistics.com\/en\/author\/horacio\/"}]}},"_links":{"self":[{"href":"https:\/\/jpevlogistics.com\/en\/wp-json\/wp\/v2\/posts\/9715","targetHints":{"allow":["GET"]}}],"collection":[{"href":"https:\/\/jpevlogistics.com\/en\/wp-json\/wp\/v2\/posts"}],"about":[{"href":"https:\/\/jpevlogistics.com\/en\/wp-json\/wp\/v2\/types\/post"}],"author":[{"embeddable":true,"href":"https:\/\/jpevlogistics.com\/en\/wp-json\/wp\/v2\/users\/4"}],"replies":[{"embeddable":true,"href":"https:\/\/jpevlogistics.com\/en\/wp-json\/wp\/v2\/comments?post=9715"}],"version-history":[{"count":1,"href":"https:\/\/jpevlogistics.com\/en\/wp-json\/wp\/v2\/posts\/9715\/revisions"}],"predecessor-version":[{"id":9717,"href":"https:\/\/jpevlogistics.com\/en\/wp-json\/wp\/v2\/posts\/9715\/revisions\/9717"}],"wp:featuredmedia":[{"embeddable":true,"href":"https:\/\/jpevlogistics.com\/en\/wp-json\/wp\/v2\/media\/9716"}],"wp:attachment":[{"href":"https:\/\/jpevlogistics.com\/en\/wp-json\/wp\/v2\/media?parent=9715"}],"wp:term":[{"taxonomy":"category","embeddable":true,"href":"https:\/\/jpevlogistics.com\/en\/wp-json\/wp\/v2\/categories?post=9715"},{"taxonomy":"post_tag","embeddable":true,"href":"https:\/\/jpevlogistics.com\/en\/wp-json\/wp\/v2\/tags?post=9715"}],"curies":[{"name":"wp","href":"https:\/\/api.w.org\/{rel}","templated":true}]}}