{"id":9718,"date":"2026-03-26T19:19:23","date_gmt":"2026-03-26T19:19:23","guid":{"rendered":"https:\/\/jpevlogistics.com\/?p=9718"},"modified":"2026-03-26T19:19:24","modified_gmt":"2026-03-26T19:19:24","slug":"alerta-de-los-transportistas-el-desproporcionado-aumento-del-combustible-pone-en-riesgo-la-cadena-de-abastecimiento","status":"publish","type":"post","link":"https:\/\/jpevlogistics.com\/en\/alerta-de-los-transportistas-el-desproporcionado-aumento-del-combustible-pone-en-riesgo-la-cadena-de-abastecimiento\/","title":{"rendered":"Alerta de los transportistas: el desproporcionado aumento del combustible pone en riesgo la cadena de abastecimiento"},"content":{"rendered":"<p>26\/03\/2025 &#8211; La Federaci\u00f3n Argentina de Entidades Empresarias del Autotransporte de Cargas (FADEEAC) alert\u00f3 sobre la continua escalada en el precio de los combustibles, la cual amenaza con interrumpir la cadena de suministro en todo el pa\u00eds.<\/p>\n\n\n\n<figure class=\"wp-block-image size-large\"><img fetchpriority=\"high\" decoding=\"async\" width=\"1024\" height=\"768\" src=\"https:\/\/jpevlogistics.com\/wp-content\/uploads\/2026\/03\/camion-en-ruta--1024x768.webp\" alt=\"\" class=\"wp-image-9719\" srcset=\"https:\/\/jpevlogistics.com\/wp-content\/uploads\/2026\/03\/camion-en-ruta--1024x768.webp 1024w, https:\/\/jpevlogistics.com\/wp-content\/uploads\/2026\/03\/camion-en-ruta--300x225.webp 300w, https:\/\/jpevlogistics.com\/wp-content\/uploads\/2026\/03\/camion-en-ruta--768x576.webp 768w, https:\/\/jpevlogistics.com\/wp-content\/uploads\/2026\/03\/camion-en-ruta--1536x1152.webp 1536w, https:\/\/jpevlogistics.com\/wp-content\/uploads\/2026\/03\/camion-en-ruta--16x12.webp 16w, https:\/\/jpevlogistics.com\/wp-content\/uploads\/2026\/03\/camion-en-ruta-.webp 1600w\" sizes=\"(max-width: 1024px) 100vw, 1024px\" \/><\/figure>\n\n\n\n<p>Desde principios de marzo, los precios del gasoil y de las naftas se incrementaron entre 3 y 5 veces, con un rango que oscila entre 20 y 25%. En la actualidad, el gasoil de grado 2 (el de mayor uso en el sector del transporte) ya supera los 2100 pesos por litro, y todo indica que el mes cerrar\u00e1 con el aumento de costos de gasoil m\u00e1s elevado de los \u00faltimos 2 a\u00f1os.<\/p>\n\n\n\n<p><strong>Costo r\u00e9cord en la regi\u00f3n<\/strong><\/p>\n\n\n\n<p>Los economistas de la Federaci\u00f3n que nuclea a 42 C\u00e1maras de transporte de todo el pa\u00eds destacaron que, medido en d\u00f3lares (al menos US$ 1,50), el litro de gasoil en la Argentina alcanz\u00f3 uno de sus valores m\u00e1s altos de la \u00faltima d\u00e9cada, posicion\u00e1ndose como uno de los m\u00e1s caros de la regi\u00f3n.<\/p>\n\n\n\n<p><em>\u201cLa desproporcionada escalada del precio del gasoil es hoy la principal preocupaci\u00f3n entre las m\u00e1s de 6.500 pymes que representamos. A los m\u00e1rgenes reducidos y la baja actividad en muchos rubros, se suma un impacto cr\u00edtico: el combustible representa un tercio de nuestra estructura de costos\u201d,<\/em>&nbsp;explic\u00f3 Cristian Sanz, Presidente de FADEEAC.<\/p>\n\n\n\n<p>La velocidad de los aumentos actuales no tiene precedentes cercanos. Mientras que en todo 2025 el gasoil acumul\u00f3 una suba del 45% (frente a un IPC del 31,5%), en apenas 20 d\u00edas de marzo los incrementos ya superaron en un tercio esa cifra anual.<\/p>\n\n\n\n<p>Sanz fue tajante respecto a la sostenibilidad del servicio:&nbsp;<em>\u201cLa actualizaci\u00f3n de las tarifas debe ser inmediata, de lo contrario, muchas empresas se ver\u00e1n obligadas a dejar de operar, con el consiguiente impacto econ\u00f3mico y social. Los camiones mueven m\u00e1s del 90% de la econom\u00eda del pa\u00eds y el transporte y la log\u00edstica generan el 4% del empleo nacional. Apelamos a la madurez y responsabilidad de todas las partes\u201d<\/em>.<\/p>\n\n\n\n<p><strong>Factor internacional y contexto local<\/strong><\/p>\n\n\n\n<p>Los especialistas del Departamento de Estudios Econ\u00f3micos y Costos se\u00f1alaron que cada incremento del 10% en el gasoil impacta de forma directa en al menos 3,5% en los costos operativos de las empresas que realizan viajes de media y larga distancia.<\/p>\n\n\n\n<p>Si bien el mercado global atraviesa un shock por el conflicto en Medio Oriente \u2014con el barril de Brent saltando de US$ 65 a m\u00e1s de US$ 100 en tres semanas\u2014, FADEEAC advierte que la situaci\u00f3n local es alarmante debido al \u00abdebilitamiento de los mecanismos que permitan desacoplar los precios internos de los internacionales y moderar el shock externo, en un marco de significativo crecimiento de la producci\u00f3n local de petr\u00f3leo (Vaca Muerta)\u00bb.<\/p>\n\n\n\n<p><em>\u00abSi las tarifas no se adecuan, el sector no podr\u00e1 seguir operando. No es una amenaza, es una imposibilidad f\u00e1ctica. El desabastecimiento es el riesgo final si no se toman medidas urgentes\u00bb,<\/em>&nbsp;concluy\u00f3 Sanz.<\/p>","protected":false},"excerpt":{"rendered":"<p>26\/03\/2025 &#8211; La Federaci\u00f3n Argentina de Entidades Empresarias del Autotransporte de Cargas (FADEEAC) alert\u00f3 sobre la continua escalada en el precio de los combustibles, la cual amenaza con interrumpir la cadena de suministro en todo el pa\u00eds. Desde principios de marzo, los precios del gasoil y de las naftas se incrementaron entre 3 y 5 [&hellip;]<\/p>\n","protected":false},"author":4,"featured_media":9719,"comment_status":"open","ping_status":"open","sticky":false,"template":"","format":"standard","meta":{"footnotes":""},"categories":[1],"tags":[],"class_list":["post-9718","post","type-post","status-publish","format-standard","has-post-thumbnail","hentry","category-sin-categoria"],"yoast_head":"<!-- This site is optimized with the Yoast SEO plugin v27.4 - https:\/\/yoast.com\/product\/yoast-seo-wordpress\/ -->\n<title>Alerta de los transportistas: el desproporcionado aumento del combustible pone en riesgo la cadena de abastecimiento - JPEV Logistics<\/title>\n<meta name=\"robots\" content=\"index, follow, max-snippet:-1, max-image-preview:large, max-video-preview:-1\" \/>\n<link rel=\"canonical\" href=\"https:\/\/jpevlogistics.com\/en\/alerta-de-los-transportistas-el-desproporcionado-aumento-del-combustible-pone-en-riesgo-la-cadena-de-abastecimiento\/\" \/>\n<meta property=\"og:locale\" content=\"en_US\" \/>\n<meta property=\"og:type\" content=\"article\" \/>\n<meta property=\"og:title\" content=\"Alerta de los transportistas: el desproporcionado aumento del combustible pone en riesgo la cadena de abastecimiento - JPEV Logistics\" \/>\n<meta property=\"og:description\" content=\"26\/03\/2025 &#8211; La Federaci\u00f3n Argentina de Entidades Empresarias del Autotransporte de Cargas (FADEEAC) alert\u00f3 sobre la continua escalada en el precio de los combustibles, la cual amenaza con interrumpir la cadena de suministro en todo el pa\u00eds. Desde principios de marzo, los precios del gasoil y de las naftas se incrementaron entre 3 y 5 [&hellip;]\" \/>\n<meta property=\"og:url\" content=\"https:\/\/jpevlogistics.com\/en\/alerta-de-los-transportistas-el-desproporcionado-aumento-del-combustible-pone-en-riesgo-la-cadena-de-abastecimiento\/\" \/>\n<meta property=\"og:site_name\" content=\"JPEV Logistics\" \/>\n<meta property=\"article:published_time\" content=\"2026-03-26T19:19:23+00:00\" \/>\n<meta property=\"article:modified_time\" content=\"2026-03-26T19:19:24+00:00\" \/>\n<meta property=\"og:image\" content=\"https:\/\/jpevlogistics.com\/wp-content\/uploads\/2026\/03\/camion-en-ruta-.webp\" \/>\n\t<meta property=\"og:image:width\" content=\"1600\" \/>\n\t<meta property=\"og:image:height\" content=\"1200\" \/>\n\t<meta property=\"og:image:type\" content=\"image\/webp\" \/>\n<meta name=\"author\" content=\"horacio\" \/>\n<meta name=\"twitter:card\" content=\"summary_large_image\" \/>\n<meta name=\"twitter:label1\" content=\"Written by\" \/>\n\t<meta name=\"twitter:data1\" content=\"horacio\" \/>\n\t<meta name=\"twitter:label2\" content=\"Est. reading time\" \/>\n\t<meta name=\"twitter:data2\" content=\"3 minutes\" \/>\n<script type=\"application\/ld+json\" class=\"yoast-schema-graph\">{\"@context\":\"https:\\\/\\\/schema.org\",\"@graph\":[{\"@type\":\"Article\",\"@id\":\"https:\\\/\\\/jpevlogistics.com\\\/alerta-de-los-transportistas-el-desproporcionado-aumento-del-combustible-pone-en-riesgo-la-cadena-de-abastecimiento\\\/#article\",\"isPartOf\":{\"@id\":\"https:\\\/\\\/jpevlogistics.com\\\/alerta-de-los-transportistas-el-desproporcionado-aumento-del-combustible-pone-en-riesgo-la-cadena-de-abastecimiento\\\/\"},\"author\":{\"name\":\"horacio\",\"@id\":\"https:\\\/\\\/jpevlogistics.com\\\/#\\\/schema\\\/person\\\/5cb83ed90e4ad10651470058bc190e62\"},\"headline\":\"Alerta de los transportistas: el desproporcionado aumento del combustible pone en riesgo la cadena de abastecimiento\",\"datePublished\":\"2026-03-26T19:19:23+00:00\",\"dateModified\":\"2026-03-26T19:19:24+00:00\",\"mainEntityOfPage\":{\"@id\":\"https:\\\/\\\/jpevlogistics.com\\\/alerta-de-los-transportistas-el-desproporcionado-aumento-del-combustible-pone-en-riesgo-la-cadena-de-abastecimiento\\\/\"},\"wordCount\":518,\"commentCount\":0,\"publisher\":{\"@id\":\"https:\\\/\\\/jpevlogistics.com\\\/#organization\"},\"image\":{\"@id\":\"https:\\\/\\\/jpevlogistics.com\\\/alerta-de-los-transportistas-el-desproporcionado-aumento-del-combustible-pone-en-riesgo-la-cadena-de-abastecimiento\\\/#primaryimage\"},\"thumbnailUrl\":\"https:\\\/\\\/jpevlogistics.com\\\/wp-content\\\/uploads\\\/2026\\\/03\\\/camion-en-ruta-.webp\",\"articleSection\":[\"Sin categor\u00eda\"],\"inLanguage\":\"en-US\",\"potentialAction\":[{\"@type\":\"CommentAction\",\"name\":\"Comment\",\"target\":[\"https:\\\/\\\/jpevlogistics.com\\\/alerta-de-los-transportistas-el-desproporcionado-aumento-del-combustible-pone-en-riesgo-la-cadena-de-abastecimiento\\\/#respond\"]}]},{\"@type\":\"WebPage\",\"@id\":\"https:\\\/\\\/jpevlogistics.com\\\/alerta-de-los-transportistas-el-desproporcionado-aumento-del-combustible-pone-en-riesgo-la-cadena-de-abastecimiento\\\/\",\"url\":\"https:\\\/\\\/jpevlogistics.com\\\/alerta-de-los-transportistas-el-desproporcionado-aumento-del-combustible-pone-en-riesgo-la-cadena-de-abastecimiento\\\/\",\"name\":\"Alerta de los transportistas: el desproporcionado aumento del combustible pone en riesgo la cadena de abastecimiento - JPEV Logistics\",\"isPartOf\":{\"@id\":\"https:\\\/\\\/jpevlogistics.com\\\/#website\"},\"primaryImageOfPage\":{\"@id\":\"https:\\\/\\\/jpevlogistics.com\\\/alerta-de-los-transportistas-el-desproporcionado-aumento-del-combustible-pone-en-riesgo-la-cadena-de-abastecimiento\\\/#primaryimage\"},\"image\":{\"@id\":\"https:\\\/\\\/jpevlogistics.com\\\/alerta-de-los-transportistas-el-desproporcionado-aumento-del-combustible-pone-en-riesgo-la-cadena-de-abastecimiento\\\/#primaryimage\"},\"thumbnailUrl\":\"https:\\\/\\\/jpevlogistics.com\\\/wp-content\\\/uploads\\\/2026\\\/03\\\/camion-en-ruta-.webp\",\"datePublished\":\"2026-03-26T19:19:23+00:00\",\"dateModified\":\"2026-03-26T19:19:24+00:00\",\"breadcrumb\":{\"@id\":\"https:\\\/\\\/jpevlogistics.com\\\/alerta-de-los-transportistas-el-desproporcionado-aumento-del-combustible-pone-en-riesgo-la-cadena-de-abastecimiento\\\/#breadcrumb\"},\"inLanguage\":\"en-US\",\"potentialAction\":[{\"@type\":\"ReadAction\",\"target\":[\"https:\\\/\\\/jpevlogistics.com\\\/alerta-de-los-transportistas-el-desproporcionado-aumento-del-combustible-pone-en-riesgo-la-cadena-de-abastecimiento\\\/\"]}]},{\"@type\":\"ImageObject\",\"inLanguage\":\"en-US\",\"@id\":\"https:\\\/\\\/jpevlogistics.com\\\/alerta-de-los-transportistas-el-desproporcionado-aumento-del-combustible-pone-en-riesgo-la-cadena-de-abastecimiento\\\/#primaryimage\",\"url\":\"https:\\\/\\\/jpevlogistics.com\\\/wp-content\\\/uploads\\\/2026\\\/03\\\/camion-en-ruta-.webp\",\"contentUrl\":\"https:\\\/\\\/jpevlogistics.com\\\/wp-content\\\/uploads\\\/2026\\\/03\\\/camion-en-ruta-.webp\",\"width\":1600,\"height\":1200},{\"@type\":\"BreadcrumbList\",\"@id\":\"https:\\\/\\\/jpevlogistics.com\\\/alerta-de-los-transportistas-el-desproporcionado-aumento-del-combustible-pone-en-riesgo-la-cadena-de-abastecimiento\\\/#breadcrumb\",\"itemListElement\":[{\"@type\":\"ListItem\",\"position\":1,\"name\":\"Portada\",\"item\":\"https:\\\/\\\/jpevlogistics.com\\\/\"},{\"@type\":\"ListItem\",\"position\":2,\"name\":\"Alerta de los transportistas: el desproporcionado aumento del combustible pone en riesgo la cadena de abastecimiento\"}]},{\"@type\":\"WebSite\",\"@id\":\"https:\\\/\\\/jpevlogistics.com\\\/#website\",\"url\":\"https:\\\/\\\/jpevlogistics.com\\\/\",\"name\":\"JPEV Logistics\",\"description\":\"\",\"publisher\":{\"@id\":\"https:\\\/\\\/jpevlogistics.com\\\/#organization\"},\"potentialAction\":[{\"@type\":\"SearchAction\",\"target\":{\"@type\":\"EntryPoint\",\"urlTemplate\":\"https:\\\/\\\/jpevlogistics.com\\\/?s={search_term_string}\"},\"query-input\":{\"@type\":\"PropertyValueSpecification\",\"valueRequired\":true,\"valueName\":\"search_term_string\"}}],\"inLanguage\":\"en-US\"},{\"@type\":\"Organization\",\"@id\":\"https:\\\/\\\/jpevlogistics.com\\\/#organization\",\"name\":\"JPEV Logistics\",\"url\":\"https:\\\/\\\/jpevlogistics.com\\\/\",\"logo\":{\"@type\":\"ImageObject\",\"inLanguage\":\"en-US\",\"@id\":\"https:\\\/\\\/jpevlogistics.com\\\/#\\\/schema\\\/logo\\\/image\\\/\",\"url\":\"https:\\\/\\\/jpevlogistics.com\\\/wp-content\\\/uploads\\\/2020\\\/07\\\/logo.png\",\"contentUrl\":\"https:\\\/\\\/jpevlogistics.com\\\/wp-content\\\/uploads\\\/2020\\\/07\\\/logo.png\",\"width\":214,\"height\":81,\"caption\":\"JPEV Logistics\"},\"image\":{\"@id\":\"https:\\\/\\\/jpevlogistics.com\\\/#\\\/schema\\\/logo\\\/image\\\/\"},\"sameAs\":[\"https:\\\/\\\/www.instagram.com\\\/jpevlogistics\\\/\",\"https:\\\/\\\/www.linkedin.com\\\/company\\\/jpev-logistics\\\/\"]},{\"@type\":\"Person\",\"@id\":\"https:\\\/\\\/jpevlogistics.com\\\/#\\\/schema\\\/person\\\/5cb83ed90e4ad10651470058bc190e62\",\"name\":\"horacio\",\"image\":{\"@type\":\"ImageObject\",\"inLanguage\":\"en-US\",\"@id\":\"https:\\\/\\\/secure.gravatar.com\\\/avatar\\\/49ba85a39487c51406dba7224109c3b2296f15c3dd1931dd024e3f540b12ea7d?s=96&d=mm&r=g\",\"url\":\"https:\\\/\\\/secure.gravatar.com\\\/avatar\\\/49ba85a39487c51406dba7224109c3b2296f15c3dd1931dd024e3f540b12ea7d?s=96&d=mm&r=g\",\"contentUrl\":\"https:\\\/\\\/secure.gravatar.com\\\/avatar\\\/49ba85a39487c51406dba7224109c3b2296f15c3dd1931dd024e3f540b12ea7d?s=96&d=mm&r=g\",\"caption\":\"horacio\"},\"url\":\"https:\\\/\\\/jpevlogistics.com\\\/en\\\/author\\\/horacio\\\/\"}]}<\/script>\n<!-- \/ Yoast SEO plugin. -->","yoast_head_json":{"title":"Alerta de los transportistas: el desproporcionado aumento del combustible pone en riesgo la cadena de abastecimiento - JPEV Logistics","robots":{"index":"index","follow":"follow","max-snippet":"max-snippet:-1","max-image-preview":"max-image-preview:large","max-video-preview":"max-video-preview:-1"},"canonical":"https:\/\/jpevlogistics.com\/en\/alerta-de-los-transportistas-el-desproporcionado-aumento-del-combustible-pone-en-riesgo-la-cadena-de-abastecimiento\/","og_locale":"en_US","og_type":"article","og_title":"Alerta de los transportistas: el desproporcionado aumento del combustible pone en riesgo la cadena de abastecimiento - JPEV Logistics","og_description":"26\/03\/2025 &#8211; La Federaci\u00f3n Argentina de Entidades Empresarias del Autotransporte de Cargas (FADEEAC) alert\u00f3 sobre la continua escalada en el precio de los combustibles, la cual amenaza con interrumpir la cadena de suministro en todo el pa\u00eds. Desde principios de marzo, los precios del gasoil y de las naftas se incrementaron entre 3 y 5 [&hellip;]","og_url":"https:\/\/jpevlogistics.com\/en\/alerta-de-los-transportistas-el-desproporcionado-aumento-del-combustible-pone-en-riesgo-la-cadena-de-abastecimiento\/","og_site_name":"JPEV Logistics","article_published_time":"2026-03-26T19:19:23+00:00","article_modified_time":"2026-03-26T19:19:24+00:00","og_image":[{"width":1600,"height":1200,"url":"https:\/\/jpevlogistics.com\/wp-content\/uploads\/2026\/03\/camion-en-ruta-.webp","type":"image\/webp"}],"author":"horacio","twitter_card":"summary_large_image","twitter_misc":{"Written by":"horacio","Est. reading time":"3 minutes"},"schema":{"@context":"https:\/\/schema.org","@graph":[{"@type":"Article","@id":"https:\/\/jpevlogistics.com\/alerta-de-los-transportistas-el-desproporcionado-aumento-del-combustible-pone-en-riesgo-la-cadena-de-abastecimiento\/#article","isPartOf":{"@id":"https:\/\/jpevlogistics.com\/alerta-de-los-transportistas-el-desproporcionado-aumento-del-combustible-pone-en-riesgo-la-cadena-de-abastecimiento\/"},"author":{"name":"horacio","@id":"https:\/\/jpevlogistics.com\/#\/schema\/person\/5cb83ed90e4ad10651470058bc190e62"},"headline":"Alerta de los transportistas: el desproporcionado aumento del combustible pone en riesgo la cadena de abastecimiento","datePublished":"2026-03-26T19:19:23+00:00","dateModified":"2026-03-26T19:19:24+00:00","mainEntityOfPage":{"@id":"https:\/\/jpevlogistics.com\/alerta-de-los-transportistas-el-desproporcionado-aumento-del-combustible-pone-en-riesgo-la-cadena-de-abastecimiento\/"},"wordCount":518,"commentCount":0,"publisher":{"@id":"https:\/\/jpevlogistics.com\/#organization"},"image":{"@id":"https:\/\/jpevlogistics.com\/alerta-de-los-transportistas-el-desproporcionado-aumento-del-combustible-pone-en-riesgo-la-cadena-de-abastecimiento\/#primaryimage"},"thumbnailUrl":"https:\/\/jpevlogistics.com\/wp-content\/uploads\/2026\/03\/camion-en-ruta-.webp","articleSection":["Sin categor\u00eda"],"inLanguage":"en-US","potentialAction":[{"@type":"CommentAction","name":"Comment","target":["https:\/\/jpevlogistics.com\/alerta-de-los-transportistas-el-desproporcionado-aumento-del-combustible-pone-en-riesgo-la-cadena-de-abastecimiento\/#respond"]}]},{"@type":"WebPage","@id":"https:\/\/jpevlogistics.com\/alerta-de-los-transportistas-el-desproporcionado-aumento-del-combustible-pone-en-riesgo-la-cadena-de-abastecimiento\/","url":"https:\/\/jpevlogistics.com\/alerta-de-los-transportistas-el-desproporcionado-aumento-del-combustible-pone-en-riesgo-la-cadena-de-abastecimiento\/","name":"Alerta de los transportistas: el desproporcionado aumento del combustible pone en riesgo la cadena de abastecimiento - JPEV Logistics","isPartOf":{"@id":"https:\/\/jpevlogistics.com\/#website"},"primaryImageOfPage":{"@id":"https:\/\/jpevlogistics.com\/alerta-de-los-transportistas-el-desproporcionado-aumento-del-combustible-pone-en-riesgo-la-cadena-de-abastecimiento\/#primaryimage"},"image":{"@id":"https:\/\/jpevlogistics.com\/alerta-de-los-transportistas-el-desproporcionado-aumento-del-combustible-pone-en-riesgo-la-cadena-de-abastecimiento\/#primaryimage"},"thumbnailUrl":"https:\/\/jpevlogistics.com\/wp-content\/uploads\/2026\/03\/camion-en-ruta-.webp","datePublished":"2026-03-26T19:19:23+00:00","dateModified":"2026-03-26T19:19:24+00:00","breadcrumb":{"@id":"https:\/\/jpevlogistics.com\/alerta-de-los-transportistas-el-desproporcionado-aumento-del-combustible-pone-en-riesgo-la-cadena-de-abastecimiento\/#breadcrumb"},"inLanguage":"en-US","potentialAction":[{"@type":"ReadAction","target":["https:\/\/jpevlogistics.com\/alerta-de-los-transportistas-el-desproporcionado-aumento-del-combustible-pone-en-riesgo-la-cadena-de-abastecimiento\/"]}]},{"@type":"ImageObject","inLanguage":"en-US","@id":"https:\/\/jpevlogistics.com\/alerta-de-los-transportistas-el-desproporcionado-aumento-del-combustible-pone-en-riesgo-la-cadena-de-abastecimiento\/#primaryimage","url":"https:\/\/jpevlogistics.com\/wp-content\/uploads\/2026\/03\/camion-en-ruta-.webp","contentUrl":"https:\/\/jpevlogistics.com\/wp-content\/uploads\/2026\/03\/camion-en-ruta-.webp","width":1600,"height":1200},{"@type":"BreadcrumbList","@id":"https:\/\/jpevlogistics.com\/alerta-de-los-transportistas-el-desproporcionado-aumento-del-combustible-pone-en-riesgo-la-cadena-de-abastecimiento\/#breadcrumb","itemListElement":[{"@type":"ListItem","position":1,"name":"Portada","item":"https:\/\/jpevlogistics.com\/"},{"@type":"ListItem","position":2,"name":"Alerta de los transportistas: el desproporcionado aumento del combustible pone en riesgo la cadena de abastecimiento"}]},{"@type":"WebSite","@id":"https:\/\/jpevlogistics.com\/#website","url":"https:\/\/jpevlogistics.com\/","name":"JPEV Logistics","description":"","publisher":{"@id":"https:\/\/jpevlogistics.com\/#organization"},"potentialAction":[{"@type":"SearchAction","target":{"@type":"EntryPoint","urlTemplate":"https:\/\/jpevlogistics.com\/?s={search_term_string}"},"query-input":{"@type":"PropertyValueSpecification","valueRequired":true,"valueName":"search_term_string"}}],"inLanguage":"en-US"},{"@type":"Organization","@id":"https:\/\/jpevlogistics.com\/#organization","name":"JPEV Logistics","url":"https:\/\/jpevlogistics.com\/","logo":{"@type":"ImageObject","inLanguage":"en-US","@id":"https:\/\/jpevlogistics.com\/#\/schema\/logo\/image\/","url":"https:\/\/jpevlogistics.com\/wp-content\/uploads\/2020\/07\/logo.png","contentUrl":"https:\/\/jpevlogistics.com\/wp-content\/uploads\/2020\/07\/logo.png","width":214,"height":81,"caption":"JPEV Logistics"},"image":{"@id":"https:\/\/jpevlogistics.com\/#\/schema\/logo\/image\/"},"sameAs":["https:\/\/www.instagram.com\/jpevlogistics\/","https:\/\/www.linkedin.com\/company\/jpev-logistics\/"]},{"@type":"Person","@id":"https:\/\/jpevlogistics.com\/#\/schema\/person\/5cb83ed90e4ad10651470058bc190e62","name":"horacio","image":{"@type":"ImageObject","inLanguage":"en-US","@id":"https:\/\/secure.gravatar.com\/avatar\/49ba85a39487c51406dba7224109c3b2296f15c3dd1931dd024e3f540b12ea7d?s=96&d=mm&r=g","url":"https:\/\/secure.gravatar.com\/avatar\/49ba85a39487c51406dba7224109c3b2296f15c3dd1931dd024e3f540b12ea7d?s=96&d=mm&r=g","contentUrl":"https:\/\/secure.gravatar.com\/avatar\/49ba85a39487c51406dba7224109c3b2296f15c3dd1931dd024e3f540b12ea7d?s=96&d=mm&r=g","caption":"horacio"},"url":"https:\/\/jpevlogistics.com\/en\/author\/horacio\/"}]}},"_links":{"self":[{"href":"https:\/\/jpevlogistics.com\/en\/wp-json\/wp\/v2\/posts\/9718","targetHints":{"allow":["GET"]}}],"collection":[{"href":"https:\/\/jpevlogistics.com\/en\/wp-json\/wp\/v2\/posts"}],"about":[{"href":"https:\/\/jpevlogistics.com\/en\/wp-json\/wp\/v2\/types\/post"}],"author":[{"embeddable":true,"href":"https:\/\/jpevlogistics.com\/en\/wp-json\/wp\/v2\/users\/4"}],"replies":[{"embeddable":true,"href":"https:\/\/jpevlogistics.com\/en\/wp-json\/wp\/v2\/comments?post=9718"}],"version-history":[{"count":1,"href":"https:\/\/jpevlogistics.com\/en\/wp-json\/wp\/v2\/posts\/9718\/revisions"}],"predecessor-version":[{"id":9720,"href":"https:\/\/jpevlogistics.com\/en\/wp-json\/wp\/v2\/posts\/9718\/revisions\/9720"}],"wp:featuredmedia":[{"embeddable":true,"href":"https:\/\/jpevlogistics.com\/en\/wp-json\/wp\/v2\/media\/9719"}],"wp:attachment":[{"href":"https:\/\/jpevlogistics.com\/en\/wp-json\/wp\/v2\/media?parent=9718"}],"wp:term":[{"taxonomy":"category","embeddable":true,"href":"https:\/\/jpevlogistics.com\/en\/wp-json\/wp\/v2\/categories?post=9718"},{"taxonomy":"post_tag","embeddable":true,"href":"https:\/\/jpevlogistics.com\/en\/wp-json\/wp\/v2\/tags?post=9718"}],"curies":[{"name":"wp","href":"https:\/\/api.w.org\/{rel}","templated":true}]}}