{"id":9721,"date":"2026-03-27T15:10:07","date_gmt":"2026-03-27T15:10:07","guid":{"rendered":"https:\/\/jpevlogistics.com\/?p=9721"},"modified":"2026-03-27T15:43:30","modified_gmt":"2026-03-27T15:43:30","slug":"alza-del-diesel-en-chile-tensionara-fuertemente-a-la-cadena-logistica-y-la-competitividad-del-comercio-exterior","status":"publish","type":"post","link":"https:\/\/jpevlogistics.com\/en\/alza-del-diesel-en-chile-tensionara-fuertemente-a-la-cadena-logistica-y-la-competitividad-del-comercio-exterior\/","title":{"rendered":"Alza del di\u00e9sel en Chile tensionar\u00e1 fuertemente a la cadena log\u00edstica y la competitividad del comercio exterior"},"content":{"rendered":"<p>27\/03\/2026 &#8211; Incremento se trasladar\u00e1 a las tarifas de transporte de carga, aumentando costos log\u00edsticos y precios finales<\/p>\n\n\n\n<p>El alza de los combustibles que comenzar\u00e1 a regir este jueves 26 de marzo marcar\u00e1 un punto de inflexi\u00f3n para la log\u00edstica chilena. El incremento responde a una combinaci\u00f3n de factores: por un lado, un s<em>hock&nbsp;<\/em>internacional en el precio del petr\u00f3leo vinculado a la crisis geopol\u00edtica en Medio Oriente; por otro, el ajuste por parte del gobierno encabezado por el presidente Jos\u00e9 Antonio Kast del Mecanismo de Estabilizaci\u00f3n de Precios de los Combustibles (MEPCO), bajo el argumento de la incapacidad del fisco para solventar el sistema. En t\u00e9rminos concretos, se trata de una convergencia entre mayores precios externos del crudo y una menor contenci\u00f3n v\u00eda subsidios estatales.<\/p>\n\n\n\n<figure class=\"wp-block-image size-full\"><img fetchpriority=\"high\" decoding=\"async\" width=\"798\" height=\"598\" src=\"https:\/\/jpevlogistics.com\/wp-content\/uploads\/2026\/03\/camion-chile-.jpeg\" alt=\"\" class=\"wp-image-9725\" srcset=\"https:\/\/jpevlogistics.com\/wp-content\/uploads\/2026\/03\/camion-chile-.jpeg 798w, https:\/\/jpevlogistics.com\/wp-content\/uploads\/2026\/03\/camion-chile--300x225.jpeg 300w, https:\/\/jpevlogistics.com\/wp-content\/uploads\/2026\/03\/camion-chile--768x576.jpeg 768w, https:\/\/jpevlogistics.com\/wp-content\/uploads\/2026\/03\/camion-chile--16x12.jpeg 16w\" sizes=\"(max-width: 798px) 100vw, 798px\" \/><\/figure>\n\n\n\n<p>El impacto es particularmente significativo en el&nbsp;<strong>di\u00e9sel<\/strong>, principal insumo del transporte terrestre de carga, cuyo precio subir\u00eda cerca de CLP 580 por litro, pasando desde niveles en torno a CLP 930-940 hasta aproximadamente CLP 1.500-1.550 por litro. Este incremento incluso lo acerca a los valores de las gasolinas, generando una convergencia in\u00e9dita entre ambos combustibles.<\/p>\n\n\n\n<p>Cabe destacar que el transporte de carga terrestre es el eje central de la log\u00edstica en Chile. Con un 98% de la carga total del pa\u00eds movilizada por cami\u00f3n, el aumento del di\u00e9sel se traduce directamente en mayores costos operativos. Desde el sector advierten que estos incrementos no podr\u00e1n ser absorbidos. \u201cEste aumento del di\u00e9sel es imposible de absorber por el sector, por lo que necesariamente se va a traspasar a tarifas\u201d, afirm\u00f3 Sergio P\u00e9rez, presidente de la Confederaci\u00f3n Nacional del Transporte de Carga. En la misma l\u00ednea, Juan Araya, presidente de la Confederaci\u00f3n Nacional de Due\u00f1os de Camiones, enfatiz\u00f3 que \u201cel di\u00e9sel es nuestro principal costo, por lo tanto, esto&nbsp;<strong>impacta a toda la cadena log\u00edstica<\/strong>\u201d.<\/p>\n\n\n\n<p>Con el traspaso del incremento de los costos a las tarifas, empresas de distribuci\u00f3n, centros de abastecimiento y productores enfrentar\u00e1n un aumento en sus estructuras de costos que, seg\u00fan estimaciones del sector, podr\u00eda traducirse en incrementos de hasta 25% en el costo log\u00edstico total. En un pa\u00eds donde estos costos ya representan entre un 8% y un 12% del valor del producto \u2014por sobre el promedio de la OCDE cercano al 9%\u2014, el impacto del alza de combustible resulta especialmente sensible debido a la baja diversificaci\u00f3n modal.<\/p>\n\n\n\n<p>Eso sin dejar de mencionar que ejercer\u00e1 una alta presi\u00f3n sobre la inflaci\u00f3n.&nbsp; \u201cEsto es un golpe directo al transporte y va a terminar encareciendo todos los productos\u201d, reconoci\u00f3 Juan Araya.<\/p>\n\n\n\n<p>En el frente de las&nbsp;<strong>operaciones portuarias y mar\u00edtimas<\/strong>, si bien \u00e9stas no se ven afectadas directamente en su funcionamiento interno, s\u00ed recibir\u00e1n el impacto a trav\u00e9s del sistema que las alimenta. El encarecimiento del transporte terrestre presionar\u00e1 servicios asociados como&nbsp;<strong>almacenaje<\/strong>,&nbsp;<strong>distribuci\u00f3n<\/strong>&nbsp;y&nbsp;<strong>retiro de carga<\/strong>, lo que puede derivar en ajustes tarifarios y menores niveles de fluidez en los despachos. En posibles escenarios de tensi\u00f3n con el sector camionero, incluso podr\u00edan generarse retrasos adicionales en el flujo de bienes desde los puertos.<\/p>\n\n\n\n<p>En este contexto, es esperable que el&nbsp;<strong>comercio exterior de Chile<\/strong>&nbsp;enfrente una presi\u00f3n significativa. El aumento de los costos log\u00edsticos elevar\u00e1 naturalmente el costo total de exportar e importar, reduciendo m\u00e1rgenes para los exportadores y debilitando la competitividad frente a otros pa\u00edses. La dependencia del cami\u00f3n amplifica este efecto, en contraste con econom\u00edas que cuentan con mayor participaci\u00f3n de ferrocarril o hidrov\u00edas.<\/p>\n\n\n\n<p><strong>Comparativa con otros pa\u00edses de la regi\u00f3n&nbsp;<\/strong><\/p>\n\n\n\n<p>La comparaci\u00f3n regional del precio del di\u00e9sel refuerza este diagn\u00f3stico. Antes del alza,&nbsp;<strong>Chile&nbsp;<\/strong>registraba un valor cercano a US$1,05 por litro, pero tras el ajuste se ubicar\u00eda en torno a US$1,60\u20131,65. Con ello, el pa\u00eds pasar\u00eda a integrar el grupo de los m\u00e1s caros de la regi\u00f3n, de acuerdo con los datos de marzo de GlobalPetrolPrices, junto a&nbsp;<strong>Uruguay (~US$1,40 \u2013 1,70)<\/strong>, superando incluso a&nbsp;<strong>Argentina (~US$1,20 \u2013 1,30)<\/strong>.&nbsp;<\/p>\n\n\n\n<p>En contraste, mercados como&nbsp;<strong>Brasil<\/strong>&nbsp;<strong>(~US$1,00)<\/strong>,&nbsp;<strong>Colombia (~US$0,77)<\/strong>&nbsp;o&nbsp;<strong>Per\u00fa (~US$1,10<\/strong>) presentan niveles m\u00e1s bajos, mientras que econom\u00edas con subsidios o producci\u00f3n petrolera \u2014como&nbsp;<strong>Ecuador (~US$0,71)<\/strong>,&nbsp;<strong>Bolivia (~US$0,55 \u2013 0,60)<\/strong>&nbsp;o Venezuela&nbsp;<strong>(~US$0,01\u20130,05)<\/strong>\u2014 se sit\u00faan muy por debajo.<\/p>\n\n\n\n<p>De este modo, tras el alza, Chile escala al grupo de los pa\u00edses con di\u00e9sel m\u00e1s caro de la regi\u00f3n, superando ampliamente a competidores log\u00edsticos directos. Este cambio no solo encarece la operaci\u00f3n interna, sino que reduce la capacidad del pa\u00eds para competir como plataforma log\u00edstica en Sudam\u00e9rica, en un escenario internacional ya tensionado por disrupciones y altos costos energ\u00e9ticos.<\/p>\n\n\n\n<p>jpevlogistics.com<\/p>\n\n\n\n<p><\/p>","protected":false},"excerpt":{"rendered":"<p>27\/03\/2026 &#8211; Incremento se trasladar\u00e1 a las tarifas de transporte de carga, aumentando costos log\u00edsticos y precios finales El alza de los combustibles que comenzar\u00e1 a regir este jueves 26 de marzo marcar\u00e1 un punto de inflexi\u00f3n para la log\u00edstica chilena. El incremento responde a una combinaci\u00f3n de factores: por un lado, un shock&nbsp;internacional en [&hellip;]<\/p>\n","protected":false},"author":4,"featured_media":9725,"comment_status":"open","ping_status":"open","sticky":false,"template":"","format":"standard","meta":{"footnotes":""},"categories":[1],"tags":[],"class_list":["post-9721","post","type-post","status-publish","format-standard","has-post-thumbnail","hentry","category-sin-categoria"],"yoast_head":"<!-- This site is optimized with the Yoast SEO plugin v27.4 - https:\/\/yoast.com\/product\/yoast-seo-wordpress\/ -->\n<title>Alza del di\u00e9sel en Chile tensionar\u00e1 fuertemente a la cadena log\u00edstica y la competitividad del comercio exterior - JPEV Logistics<\/title>\n<meta name=\"robots\" content=\"index, follow, max-snippet:-1, max-image-preview:large, max-video-preview:-1\" \/>\n<link rel=\"canonical\" href=\"https:\/\/jpevlogistics.com\/en\/alza-del-diesel-en-chile-tensionara-fuertemente-a-la-cadena-logistica-y-la-competitividad-del-comercio-exterior\/\" \/>\n<meta property=\"og:locale\" content=\"en_US\" \/>\n<meta property=\"og:type\" content=\"article\" \/>\n<meta property=\"og:title\" content=\"Alza del di\u00e9sel en Chile tensionar\u00e1 fuertemente a la cadena log\u00edstica y la competitividad del comercio exterior - JPEV Logistics\" \/>\n<meta property=\"og:description\" content=\"27\/03\/2026 &#8211; Incremento se trasladar\u00e1 a las tarifas de transporte de carga, aumentando costos log\u00edsticos y precios finales El alza de los combustibles que comenzar\u00e1 a regir este jueves 26 de marzo marcar\u00e1 un punto de inflexi\u00f3n para la log\u00edstica chilena. El incremento responde a una combinaci\u00f3n de factores: por un lado, un shock&nbsp;internacional en [&hellip;]\" \/>\n<meta property=\"og:url\" content=\"https:\/\/jpevlogistics.com\/en\/alza-del-diesel-en-chile-tensionara-fuertemente-a-la-cadena-logistica-y-la-competitividad-del-comercio-exterior\/\" \/>\n<meta property=\"og:site_name\" content=\"JPEV Logistics\" \/>\n<meta property=\"article:published_time\" content=\"2026-03-27T15:10:07+00:00\" \/>\n<meta property=\"article:modified_time\" content=\"2026-03-27T15:43:30+00:00\" \/>\n<meta property=\"og:image\" content=\"https:\/\/jpevlogistics.com\/wp-content\/uploads\/2026\/03\/camion-chile-.jpeg\" \/>\n\t<meta property=\"og:image:width\" content=\"798\" \/>\n\t<meta property=\"og:image:height\" content=\"598\" \/>\n\t<meta property=\"og:image:type\" content=\"image\/jpeg\" \/>\n<meta name=\"author\" content=\"horacio\" \/>\n<meta name=\"twitter:card\" content=\"summary_large_image\" \/>\n<meta name=\"twitter:label1\" content=\"Written by\" \/>\n\t<meta name=\"twitter:data1\" content=\"horacio\" \/>\n\t<meta name=\"twitter:label2\" content=\"Est. reading time\" \/>\n\t<meta name=\"twitter:data2\" content=\"4 minutes\" \/>\n<script type=\"application\/ld+json\" class=\"yoast-schema-graph\">{\"@context\":\"https:\\\/\\\/schema.org\",\"@graph\":[{\"@type\":\"Article\",\"@id\":\"https:\\\/\\\/jpevlogistics.com\\\/alza-del-diesel-en-chile-tensionara-fuertemente-a-la-cadena-logistica-y-la-competitividad-del-comercio-exterior\\\/#article\",\"isPartOf\":{\"@id\":\"https:\\\/\\\/jpevlogistics.com\\\/alza-del-diesel-en-chile-tensionara-fuertemente-a-la-cadena-logistica-y-la-competitividad-del-comercio-exterior\\\/\"},\"author\":{\"name\":\"horacio\",\"@id\":\"https:\\\/\\\/jpevlogistics.com\\\/#\\\/schema\\\/person\\\/5cb83ed90e4ad10651470058bc190e62\"},\"headline\":\"Alza del di\u00e9sel en Chile tensionar\u00e1 fuertemente a la cadena log\u00edstica y la competitividad del comercio exterior\",\"datePublished\":\"2026-03-27T15:10:07+00:00\",\"dateModified\":\"2026-03-27T15:43:30+00:00\",\"mainEntityOfPage\":{\"@id\":\"https:\\\/\\\/jpevlogistics.com\\\/alza-del-diesel-en-chile-tensionara-fuertemente-a-la-cadena-logistica-y-la-competitividad-del-comercio-exterior\\\/\"},\"wordCount\":845,\"commentCount\":0,\"publisher\":{\"@id\":\"https:\\\/\\\/jpevlogistics.com\\\/#organization\"},\"image\":{\"@id\":\"https:\\\/\\\/jpevlogistics.com\\\/alza-del-diesel-en-chile-tensionara-fuertemente-a-la-cadena-logistica-y-la-competitividad-del-comercio-exterior\\\/#primaryimage\"},\"thumbnailUrl\":\"https:\\\/\\\/jpevlogistics.com\\\/wp-content\\\/uploads\\\/2026\\\/03\\\/camion-chile-.jpeg\",\"articleSection\":[\"Sin categor\u00eda\"],\"inLanguage\":\"en-US\",\"potentialAction\":[{\"@type\":\"CommentAction\",\"name\":\"Comment\",\"target\":[\"https:\\\/\\\/jpevlogistics.com\\\/alza-del-diesel-en-chile-tensionara-fuertemente-a-la-cadena-logistica-y-la-competitividad-del-comercio-exterior\\\/#respond\"]}]},{\"@type\":\"WebPage\",\"@id\":\"https:\\\/\\\/jpevlogistics.com\\\/alza-del-diesel-en-chile-tensionara-fuertemente-a-la-cadena-logistica-y-la-competitividad-del-comercio-exterior\\\/\",\"url\":\"https:\\\/\\\/jpevlogistics.com\\\/alza-del-diesel-en-chile-tensionara-fuertemente-a-la-cadena-logistica-y-la-competitividad-del-comercio-exterior\\\/\",\"name\":\"Alza del di\u00e9sel en Chile tensionar\u00e1 fuertemente a la cadena log\u00edstica y la competitividad del comercio exterior - JPEV Logistics\",\"isPartOf\":{\"@id\":\"https:\\\/\\\/jpevlogistics.com\\\/#website\"},\"primaryImageOfPage\":{\"@id\":\"https:\\\/\\\/jpevlogistics.com\\\/alza-del-diesel-en-chile-tensionara-fuertemente-a-la-cadena-logistica-y-la-competitividad-del-comercio-exterior\\\/#primaryimage\"},\"image\":{\"@id\":\"https:\\\/\\\/jpevlogistics.com\\\/alza-del-diesel-en-chile-tensionara-fuertemente-a-la-cadena-logistica-y-la-competitividad-del-comercio-exterior\\\/#primaryimage\"},\"thumbnailUrl\":\"https:\\\/\\\/jpevlogistics.com\\\/wp-content\\\/uploads\\\/2026\\\/03\\\/camion-chile-.jpeg\",\"datePublished\":\"2026-03-27T15:10:07+00:00\",\"dateModified\":\"2026-03-27T15:43:30+00:00\",\"breadcrumb\":{\"@id\":\"https:\\\/\\\/jpevlogistics.com\\\/alza-del-diesel-en-chile-tensionara-fuertemente-a-la-cadena-logistica-y-la-competitividad-del-comercio-exterior\\\/#breadcrumb\"},\"inLanguage\":\"en-US\",\"potentialAction\":[{\"@type\":\"ReadAction\",\"target\":[\"https:\\\/\\\/jpevlogistics.com\\\/alza-del-diesel-en-chile-tensionara-fuertemente-a-la-cadena-logistica-y-la-competitividad-del-comercio-exterior\\\/\"]}]},{\"@type\":\"ImageObject\",\"inLanguage\":\"en-US\",\"@id\":\"https:\\\/\\\/jpevlogistics.com\\\/alza-del-diesel-en-chile-tensionara-fuertemente-a-la-cadena-logistica-y-la-competitividad-del-comercio-exterior\\\/#primaryimage\",\"url\":\"https:\\\/\\\/jpevlogistics.com\\\/wp-content\\\/uploads\\\/2026\\\/03\\\/camion-chile-.jpeg\",\"contentUrl\":\"https:\\\/\\\/jpevlogistics.com\\\/wp-content\\\/uploads\\\/2026\\\/03\\\/camion-chile-.jpeg\",\"width\":798,\"height\":598},{\"@type\":\"BreadcrumbList\",\"@id\":\"https:\\\/\\\/jpevlogistics.com\\\/alza-del-diesel-en-chile-tensionara-fuertemente-a-la-cadena-logistica-y-la-competitividad-del-comercio-exterior\\\/#breadcrumb\",\"itemListElement\":[{\"@type\":\"ListItem\",\"position\":1,\"name\":\"Portada\",\"item\":\"https:\\\/\\\/jpevlogistics.com\\\/\"},{\"@type\":\"ListItem\",\"position\":2,\"name\":\"Alza del di\u00e9sel en Chile tensionar\u00e1 fuertemente a la cadena log\u00edstica y la competitividad del comercio exterior\"}]},{\"@type\":\"WebSite\",\"@id\":\"https:\\\/\\\/jpevlogistics.com\\\/#website\",\"url\":\"https:\\\/\\\/jpevlogistics.com\\\/\",\"name\":\"JPEV Logistics\",\"description\":\"\",\"publisher\":{\"@id\":\"https:\\\/\\\/jpevlogistics.com\\\/#organization\"},\"potentialAction\":[{\"@type\":\"SearchAction\",\"target\":{\"@type\":\"EntryPoint\",\"urlTemplate\":\"https:\\\/\\\/jpevlogistics.com\\\/?s={search_term_string}\"},\"query-input\":{\"@type\":\"PropertyValueSpecification\",\"valueRequired\":true,\"valueName\":\"search_term_string\"}}],\"inLanguage\":\"en-US\"},{\"@type\":\"Organization\",\"@id\":\"https:\\\/\\\/jpevlogistics.com\\\/#organization\",\"name\":\"JPEV Logistics\",\"url\":\"https:\\\/\\\/jpevlogistics.com\\\/\",\"logo\":{\"@type\":\"ImageObject\",\"inLanguage\":\"en-US\",\"@id\":\"https:\\\/\\\/jpevlogistics.com\\\/#\\\/schema\\\/logo\\\/image\\\/\",\"url\":\"https:\\\/\\\/jpevlogistics.com\\\/wp-content\\\/uploads\\\/2020\\\/07\\\/logo.png\",\"contentUrl\":\"https:\\\/\\\/jpevlogistics.com\\\/wp-content\\\/uploads\\\/2020\\\/07\\\/logo.png\",\"width\":214,\"height\":81,\"caption\":\"JPEV Logistics\"},\"image\":{\"@id\":\"https:\\\/\\\/jpevlogistics.com\\\/#\\\/schema\\\/logo\\\/image\\\/\"},\"sameAs\":[\"https:\\\/\\\/www.instagram.com\\\/jpevlogistics\\\/\",\"https:\\\/\\\/www.linkedin.com\\\/company\\\/jpev-logistics\\\/\"]},{\"@type\":\"Person\",\"@id\":\"https:\\\/\\\/jpevlogistics.com\\\/#\\\/schema\\\/person\\\/5cb83ed90e4ad10651470058bc190e62\",\"name\":\"horacio\",\"image\":{\"@type\":\"ImageObject\",\"inLanguage\":\"en-US\",\"@id\":\"https:\\\/\\\/secure.gravatar.com\\\/avatar\\\/49ba85a39487c51406dba7224109c3b2296f15c3dd1931dd024e3f540b12ea7d?s=96&d=mm&r=g\",\"url\":\"https:\\\/\\\/secure.gravatar.com\\\/avatar\\\/49ba85a39487c51406dba7224109c3b2296f15c3dd1931dd024e3f540b12ea7d?s=96&d=mm&r=g\",\"contentUrl\":\"https:\\\/\\\/secure.gravatar.com\\\/avatar\\\/49ba85a39487c51406dba7224109c3b2296f15c3dd1931dd024e3f540b12ea7d?s=96&d=mm&r=g\",\"caption\":\"horacio\"},\"url\":\"https:\\\/\\\/jpevlogistics.com\\\/en\\\/author\\\/horacio\\\/\"}]}<\/script>\n<!-- \/ Yoast SEO plugin. -->","yoast_head_json":{"title":"Alza del di\u00e9sel en Chile tensionar\u00e1 fuertemente a la cadena log\u00edstica y la competitividad del comercio exterior - JPEV Logistics","robots":{"index":"index","follow":"follow","max-snippet":"max-snippet:-1","max-image-preview":"max-image-preview:large","max-video-preview":"max-video-preview:-1"},"canonical":"https:\/\/jpevlogistics.com\/en\/alza-del-diesel-en-chile-tensionara-fuertemente-a-la-cadena-logistica-y-la-competitividad-del-comercio-exterior\/","og_locale":"en_US","og_type":"article","og_title":"Alza del di\u00e9sel en Chile tensionar\u00e1 fuertemente a la cadena log\u00edstica y la competitividad del comercio exterior - JPEV Logistics","og_description":"27\/03\/2026 &#8211; Incremento se trasladar\u00e1 a las tarifas de transporte de carga, aumentando costos log\u00edsticos y precios finales El alza de los combustibles que comenzar\u00e1 a regir este jueves 26 de marzo marcar\u00e1 un punto de inflexi\u00f3n para la log\u00edstica chilena. El incremento responde a una combinaci\u00f3n de factores: por un lado, un shock&nbsp;internacional en [&hellip;]","og_url":"https:\/\/jpevlogistics.com\/en\/alza-del-diesel-en-chile-tensionara-fuertemente-a-la-cadena-logistica-y-la-competitividad-del-comercio-exterior\/","og_site_name":"JPEV Logistics","article_published_time":"2026-03-27T15:10:07+00:00","article_modified_time":"2026-03-27T15:43:30+00:00","og_image":[{"width":798,"height":598,"url":"https:\/\/jpevlogistics.com\/wp-content\/uploads\/2026\/03\/camion-chile-.jpeg","type":"image\/jpeg"}],"author":"horacio","twitter_card":"summary_large_image","twitter_misc":{"Written by":"horacio","Est. reading time":"4 minutes"},"schema":{"@context":"https:\/\/schema.org","@graph":[{"@type":"Article","@id":"https:\/\/jpevlogistics.com\/alza-del-diesel-en-chile-tensionara-fuertemente-a-la-cadena-logistica-y-la-competitividad-del-comercio-exterior\/#article","isPartOf":{"@id":"https:\/\/jpevlogistics.com\/alza-del-diesel-en-chile-tensionara-fuertemente-a-la-cadena-logistica-y-la-competitividad-del-comercio-exterior\/"},"author":{"name":"horacio","@id":"https:\/\/jpevlogistics.com\/#\/schema\/person\/5cb83ed90e4ad10651470058bc190e62"},"headline":"Alza del di\u00e9sel en Chile tensionar\u00e1 fuertemente a la cadena log\u00edstica y la competitividad del comercio exterior","datePublished":"2026-03-27T15:10:07+00:00","dateModified":"2026-03-27T15:43:30+00:00","mainEntityOfPage":{"@id":"https:\/\/jpevlogistics.com\/alza-del-diesel-en-chile-tensionara-fuertemente-a-la-cadena-logistica-y-la-competitividad-del-comercio-exterior\/"},"wordCount":845,"commentCount":0,"publisher":{"@id":"https:\/\/jpevlogistics.com\/#organization"},"image":{"@id":"https:\/\/jpevlogistics.com\/alza-del-diesel-en-chile-tensionara-fuertemente-a-la-cadena-logistica-y-la-competitividad-del-comercio-exterior\/#primaryimage"},"thumbnailUrl":"https:\/\/jpevlogistics.com\/wp-content\/uploads\/2026\/03\/camion-chile-.jpeg","articleSection":["Sin categor\u00eda"],"inLanguage":"en-US","potentialAction":[{"@type":"CommentAction","name":"Comment","target":["https:\/\/jpevlogistics.com\/alza-del-diesel-en-chile-tensionara-fuertemente-a-la-cadena-logistica-y-la-competitividad-del-comercio-exterior\/#respond"]}]},{"@type":"WebPage","@id":"https:\/\/jpevlogistics.com\/alza-del-diesel-en-chile-tensionara-fuertemente-a-la-cadena-logistica-y-la-competitividad-del-comercio-exterior\/","url":"https:\/\/jpevlogistics.com\/alza-del-diesel-en-chile-tensionara-fuertemente-a-la-cadena-logistica-y-la-competitividad-del-comercio-exterior\/","name":"Alza del di\u00e9sel en Chile tensionar\u00e1 fuertemente a la cadena log\u00edstica y la competitividad del comercio exterior - JPEV Logistics","isPartOf":{"@id":"https:\/\/jpevlogistics.com\/#website"},"primaryImageOfPage":{"@id":"https:\/\/jpevlogistics.com\/alza-del-diesel-en-chile-tensionara-fuertemente-a-la-cadena-logistica-y-la-competitividad-del-comercio-exterior\/#primaryimage"},"image":{"@id":"https:\/\/jpevlogistics.com\/alza-del-diesel-en-chile-tensionara-fuertemente-a-la-cadena-logistica-y-la-competitividad-del-comercio-exterior\/#primaryimage"},"thumbnailUrl":"https:\/\/jpevlogistics.com\/wp-content\/uploads\/2026\/03\/camion-chile-.jpeg","datePublished":"2026-03-27T15:10:07+00:00","dateModified":"2026-03-27T15:43:30+00:00","breadcrumb":{"@id":"https:\/\/jpevlogistics.com\/alza-del-diesel-en-chile-tensionara-fuertemente-a-la-cadena-logistica-y-la-competitividad-del-comercio-exterior\/#breadcrumb"},"inLanguage":"en-US","potentialAction":[{"@type":"ReadAction","target":["https:\/\/jpevlogistics.com\/alza-del-diesel-en-chile-tensionara-fuertemente-a-la-cadena-logistica-y-la-competitividad-del-comercio-exterior\/"]}]},{"@type":"ImageObject","inLanguage":"en-US","@id":"https:\/\/jpevlogistics.com\/alza-del-diesel-en-chile-tensionara-fuertemente-a-la-cadena-logistica-y-la-competitividad-del-comercio-exterior\/#primaryimage","url":"https:\/\/jpevlogistics.com\/wp-content\/uploads\/2026\/03\/camion-chile-.jpeg","contentUrl":"https:\/\/jpevlogistics.com\/wp-content\/uploads\/2026\/03\/camion-chile-.jpeg","width":798,"height":598},{"@type":"BreadcrumbList","@id":"https:\/\/jpevlogistics.com\/alza-del-diesel-en-chile-tensionara-fuertemente-a-la-cadena-logistica-y-la-competitividad-del-comercio-exterior\/#breadcrumb","itemListElement":[{"@type":"ListItem","position":1,"name":"Portada","item":"https:\/\/jpevlogistics.com\/"},{"@type":"ListItem","position":2,"name":"Alza del di\u00e9sel en Chile tensionar\u00e1 fuertemente a la cadena log\u00edstica y la competitividad del comercio exterior"}]},{"@type":"WebSite","@id":"https:\/\/jpevlogistics.com\/#website","url":"https:\/\/jpevlogistics.com\/","name":"JPEV Logistics","description":"","publisher":{"@id":"https:\/\/jpevlogistics.com\/#organization"},"potentialAction":[{"@type":"SearchAction","target":{"@type":"EntryPoint","urlTemplate":"https:\/\/jpevlogistics.com\/?s={search_term_string}"},"query-input":{"@type":"PropertyValueSpecification","valueRequired":true,"valueName":"search_term_string"}}],"inLanguage":"en-US"},{"@type":"Organization","@id":"https:\/\/jpevlogistics.com\/#organization","name":"JPEV Logistics","url":"https:\/\/jpevlogistics.com\/","logo":{"@type":"ImageObject","inLanguage":"en-US","@id":"https:\/\/jpevlogistics.com\/#\/schema\/logo\/image\/","url":"https:\/\/jpevlogistics.com\/wp-content\/uploads\/2020\/07\/logo.png","contentUrl":"https:\/\/jpevlogistics.com\/wp-content\/uploads\/2020\/07\/logo.png","width":214,"height":81,"caption":"JPEV Logistics"},"image":{"@id":"https:\/\/jpevlogistics.com\/#\/schema\/logo\/image\/"},"sameAs":["https:\/\/www.instagram.com\/jpevlogistics\/","https:\/\/www.linkedin.com\/company\/jpev-logistics\/"]},{"@type":"Person","@id":"https:\/\/jpevlogistics.com\/#\/schema\/person\/5cb83ed90e4ad10651470058bc190e62","name":"horacio","image":{"@type":"ImageObject","inLanguage":"en-US","@id":"https:\/\/secure.gravatar.com\/avatar\/49ba85a39487c51406dba7224109c3b2296f15c3dd1931dd024e3f540b12ea7d?s=96&d=mm&r=g","url":"https:\/\/secure.gravatar.com\/avatar\/49ba85a39487c51406dba7224109c3b2296f15c3dd1931dd024e3f540b12ea7d?s=96&d=mm&r=g","contentUrl":"https:\/\/secure.gravatar.com\/avatar\/49ba85a39487c51406dba7224109c3b2296f15c3dd1931dd024e3f540b12ea7d?s=96&d=mm&r=g","caption":"horacio"},"url":"https:\/\/jpevlogistics.com\/en\/author\/horacio\/"}]}},"_links":{"self":[{"href":"https:\/\/jpevlogistics.com\/en\/wp-json\/wp\/v2\/posts\/9721","targetHints":{"allow":["GET"]}}],"collection":[{"href":"https:\/\/jpevlogistics.com\/en\/wp-json\/wp\/v2\/posts"}],"about":[{"href":"https:\/\/jpevlogistics.com\/en\/wp-json\/wp\/v2\/types\/post"}],"author":[{"embeddable":true,"href":"https:\/\/jpevlogistics.com\/en\/wp-json\/wp\/v2\/users\/4"}],"replies":[{"embeddable":true,"href":"https:\/\/jpevlogistics.com\/en\/wp-json\/wp\/v2\/comments?post=9721"}],"version-history":[{"count":2,"href":"https:\/\/jpevlogistics.com\/en\/wp-json\/wp\/v2\/posts\/9721\/revisions"}],"predecessor-version":[{"id":9726,"href":"https:\/\/jpevlogistics.com\/en\/wp-json\/wp\/v2\/posts\/9721\/revisions\/9726"}],"wp:featuredmedia":[{"embeddable":true,"href":"https:\/\/jpevlogistics.com\/en\/wp-json\/wp\/v2\/media\/9725"}],"wp:attachment":[{"href":"https:\/\/jpevlogistics.com\/en\/wp-json\/wp\/v2\/media?parent=9721"}],"wp:term":[{"taxonomy":"category","embeddable":true,"href":"https:\/\/jpevlogistics.com\/en\/wp-json\/wp\/v2\/categories?post=9721"},{"taxonomy":"post_tag","embeddable":true,"href":"https:\/\/jpevlogistics.com\/en\/wp-json\/wp\/v2\/tags?post=9721"}],"curies":[{"name":"wp","href":"https:\/\/api.w.org\/{rel}","templated":true}]}}