{"id":9891,"date":"2026-03-31T14:17:51","date_gmt":"2026-03-31T14:17:51","guid":{"rendered":"https:\/\/jpevlogistics.com\/?p=9891"},"modified":"2026-03-31T14:27:27","modified_gmt":"2026-03-31T14:27:27","slug":"que-pasaria-si-se-cierra-el-estrecho-de-ormuz-impacto-real-en-la-economia-y-la-logistica-global","status":"publish","type":"post","link":"https:\/\/jpevlogistics.com\/en\/que-pasaria-si-se-cierra-el-estrecho-de-ormuz-impacto-real-en-la-economia-y-la-logistica-global\/","title":{"rendered":"\u00bfQu\u00e9 pasar\u00eda si se cierra el Estrecho de Ormuz? Impacto real en la econom\u00eda y la log\u00edstica global"},"content":{"rendered":"<p>31\/03\/2026 &#8211; Impacto real en la econom\u00eda de todos los dias <\/p>\n\n\n\n<p><\/p>\n\n\n\n<p>El Estrecho de Ormuz es uno de los puntos m\u00e1s cr\u00edticos del comercio mundial. Por all\u00ed transita cerca del 20% del petr\u00f3leo que consume el planeta. Su eventual cierre, aunque sea temporal, tendr\u00eda consecuencias inmediatas y profundas que impactar\u00edan tanto en grandes industrias como en la vida cotidiana.<\/p>\n\n\n\n<figure class=\"wp-block-image size-full\"><img fetchpriority=\"high\" decoding=\"async\" width=\"1024\" height=\"576\" src=\"https:\/\/jpevlogistics.com\/wp-content\/uploads\/2026\/03\/Ormuz-1.jpg\" alt=\"\" class=\"wp-image-9897\" srcset=\"https:\/\/jpevlogistics.com\/wp-content\/uploads\/2026\/03\/Ormuz-1.jpg 1024w, https:\/\/jpevlogistics.com\/wp-content\/uploads\/2026\/03\/Ormuz-1-300x169.jpg 300w, https:\/\/jpevlogistics.com\/wp-content\/uploads\/2026\/03\/Ormuz-1-768x432.jpg 768w, https:\/\/jpevlogistics.com\/wp-content\/uploads\/2026\/03\/Ormuz-1-18x10.jpg 18w\" sizes=\"(max-width: 1024px) 100vw, 1024px\" \/><figcaption class=\"wp-element-caption\">Maritime traffic in the Strait of Hormuz<\/figcaption><\/figure>\n\n\n\n<p><strong>1. Energ\u00eda m\u00e1s cara, impacto inmediato<\/strong><br>El primer efecto ser\u00eda una suba brusca en el precio del petr\u00f3leo. Esto se trasladar\u00eda r\u00e1pidamente al costo del combustible: nafta, di\u00e9sel y gas. Para el sector log\u00edstico, esto implica un aumento directo en los costos operativos.<\/p>\n\n\n\n<p><strong>2. Aumento de costos en toda la cadena<\/strong><br>Cuando sube el transporte, sube todo. Desde alimentos hasta insumos industriales. Las empresas enfrentan mayores costos de producci\u00f3n y distribuci\u00f3n, lo que termina reflej\u00e1ndose en precios m\u00e1s altos para el consumidor.<\/p>\n\n\n\n<p><strong>3. Tensi\u00f3n en la cadena de suministro<\/strong><br>Un cierre prolongado puede generar demoras, desv\u00edos de rutas mar\u00edtimas y cuellos de botella en puertos. Esto afecta la previsibilidad log\u00edstica, clave para el comercio internacional.<\/p>\n\n\n\n<p><strong>4. Inflaci\u00f3n y p\u00e9rdida de poder adquisitivo<\/strong><br>El encarecimiento de la energ\u00eda y el transporte impacta directamente en la inflaci\u00f3n. Las econom\u00edas m\u00e1s dependientes de importaciones energ\u00e9ticas son las m\u00e1s vulnerables.<\/p>\n\n\n\n<p><strong>5. Volatilidad financiera<\/strong><br>Los mercados reaccionan con incertidumbre ante este tipo de eventos. Puede haber suba del d\u00f3lar, ca\u00edda de bolsas y retracci\u00f3n de inversiones.<\/p>\n\n\n\n<p><strong>6. \u00bfQu\u00e9 significa para empresas de log\u00edstica?<\/strong><br>Este escenario obliga a una gesti\u00f3n m\u00e1s estrat\u00e9gica:<\/p>\n\n\n\n<ul class=\"wp-block-list\">\n<li>Optimizaci\u00f3n de rutas<\/li>\n\n\n\n<li>Diversificaci\u00f3n de proveedores<\/li>\n\n\n\n<li>Planificaci\u00f3n de contingencias<\/li>\n\n\n\n<li>Control estricto de costos<\/li>\n<\/ul>\n\n\n\n<p><strong>\u00bfC\u00f3mo reaccionan las compa\u00f1\u00edas navieras?<\/strong><br>Ante escenarios de tensi\u00f3n o riesgo en la zona, las principales navieras y operadores log\u00edsticos aplican medidas concretas:<\/p>\n\n\n\n<ul class=\"wp-block-list\">\n<li><strong>Desv\u00edo de rutas:<\/strong>\u00a0evitan la zona y utilizan trayectos alternativos, aunque impliquen m\u00e1s d\u00edas de tr\u00e1nsito.<\/li>\n\n\n\n<li><strong>Recargos por riesgo (war risk surcharge):<\/strong>\u00a0incrementan tarifas para cubrir seguros y exposici\u00f3n.<\/li>\n\n\n\n<li><strong>Aumento de primas de seguro:<\/strong>\u00a0las aseguradoras elevan costos o limitan cobertura en \u00e1reas de conflicto.<\/li>\n\n\n\n<li><strong>Reducci\u00f3n de frecuencias:<\/strong>\u00a0algunas l\u00edneas disminuyen servicios en rutas afectadas para minimizar riesgos.<\/li>\n\n\n\n<li><strong>Refuerzo de seguridad:<\/strong>\u00a0contrataci\u00f3n de escoltas o coordinaci\u00f3n con fuerzas navales internacionales.<\/li>\n<\/ul>\n\n\n\n<p>Estas decisiones impactan directamente en tiempos de entrega, costos log\u00edsticos y disponibilidad de espacio, generando un efecto en cadena sobre todo el comercio internacional.<\/p>\n\n\n\n<p><strong>Conclusi\u00f3n<\/strong><br>El cierre del Estrecho de Ormuz no es solo un evento geopol\u00edtico: es un shock global que afecta directamente la log\u00edstica, los costos y la estabilidad econ\u00f3mica. En un mundo interconectado, anticiparse y adaptarse ya no es una ventaja competitiva, sino una necesidad.<\/p>\n\n\n\n<hr class=\"wp-block-separator has-alpha-channel-opacity\"\/>\n\n\n\n<p><strong>Clave para las empresas:<\/strong>&nbsp;resiliencia operativa, eficiencia y capacidad de reacci\u00f3n ante escenarios de alta incertidumbre.<\/p>\n\n\n\n<p><strong>jpevlogistics.com<\/strong><\/p>\n\n\n\n<p><\/p>","protected":false},"excerpt":{"rendered":"<p>31\/03\/2026 &#8211; Impacto real en la econom\u00eda de todos los dias El Estrecho de Ormuz es uno de los puntos m\u00e1s cr\u00edticos del comercio mundial. Por all\u00ed transita cerca del 20% del petr\u00f3leo que consume el planeta. Su eventual cierre, aunque sea temporal, tendr\u00eda consecuencias inmediatas y profundas que impactar\u00edan tanto en grandes industrias como [&hellip;]<\/p>\n","protected":false},"author":4,"featured_media":9894,"comment_status":"open","ping_status":"open","sticky":false,"template":"","format":"standard","meta":{"footnotes":""},"categories":[1],"tags":[],"class_list":["post-9891","post","type-post","status-publish","format-standard","has-post-thumbnail","hentry","category-sin-categoria"],"yoast_head":"<!-- This site is optimized with the Yoast SEO plugin v27.4 - https:\/\/yoast.com\/product\/yoast-seo-wordpress\/ -->\n<title>\u00bfQu\u00e9 pasar\u00eda si se cierra el Estrecho de Ormuz? Impacto real en la econom\u00eda y la log\u00edstica global - JPEV Logistics<\/title>\n<meta name=\"robots\" content=\"index, follow, max-snippet:-1, max-image-preview:large, max-video-preview:-1\" \/>\n<link rel=\"canonical\" href=\"https:\/\/jpevlogistics.com\/en\/que-pasaria-si-se-cierra-el-estrecho-de-ormuz-impacto-real-en-la-economia-y-la-logistica-global\/\" \/>\n<meta property=\"og:locale\" content=\"en_US\" \/>\n<meta property=\"og:type\" content=\"article\" \/>\n<meta property=\"og:title\" content=\"\u00bfQu\u00e9 pasar\u00eda si se cierra el Estrecho de Ormuz? Impacto real en la econom\u00eda y la log\u00edstica global - JPEV Logistics\" \/>\n<meta property=\"og:description\" content=\"31\/03\/2026 &#8211; Impacto real en la econom\u00eda de todos los dias El Estrecho de Ormuz es uno de los puntos m\u00e1s cr\u00edticos del comercio mundial. Por all\u00ed transita cerca del 20% del petr\u00f3leo que consume el planeta. Su eventual cierre, aunque sea temporal, tendr\u00eda consecuencias inmediatas y profundas que impactar\u00edan tanto en grandes industrias como [&hellip;]\" \/>\n<meta property=\"og:url\" content=\"https:\/\/jpevlogistics.com\/en\/que-pasaria-si-se-cierra-el-estrecho-de-ormuz-impacto-real-en-la-economia-y-la-logistica-global\/\" \/>\n<meta property=\"og:site_name\" content=\"JPEV Logistics\" \/>\n<meta property=\"article:published_time\" content=\"2026-03-31T14:17:51+00:00\" \/>\n<meta property=\"article:modified_time\" content=\"2026-03-31T14:27:27+00:00\" \/>\n<meta property=\"og:image\" content=\"https:\/\/jpevlogistics.com\/wp-content\/uploads\/2026\/03\/Ormuz.jpg\" \/>\n\t<meta property=\"og:image:width\" content=\"1024\" \/>\n\t<meta property=\"og:image:height\" content=\"576\" \/>\n\t<meta property=\"og:image:type\" content=\"image\/jpeg\" \/>\n<meta name=\"author\" content=\"horacio\" \/>\n<meta name=\"twitter:card\" content=\"summary_large_image\" \/>\n<meta name=\"twitter:label1\" content=\"Written by\" \/>\n\t<meta name=\"twitter:data1\" content=\"horacio\" \/>\n\t<meta name=\"twitter:label2\" content=\"Est. reading time\" \/>\n\t<meta name=\"twitter:data2\" content=\"3 minutes\" \/>\n<script type=\"application\/ld+json\" class=\"yoast-schema-graph\">{\"@context\":\"https:\\\/\\\/schema.org\",\"@graph\":[{\"@type\":\"Article\",\"@id\":\"https:\\\/\\\/jpevlogistics.com\\\/que-pasaria-si-se-cierra-el-estrecho-de-ormuz-impacto-real-en-la-economia-y-la-logistica-global\\\/#article\",\"isPartOf\":{\"@id\":\"https:\\\/\\\/jpevlogistics.com\\\/que-pasaria-si-se-cierra-el-estrecho-de-ormuz-impacto-real-en-la-economia-y-la-logistica-global\\\/\"},\"author\":{\"name\":\"horacio\",\"@id\":\"https:\\\/\\\/jpevlogistics.com\\\/#\\\/schema\\\/person\\\/5cb83ed90e4ad10651470058bc190e62\"},\"headline\":\"\u00bfQu\u00e9 pasar\u00eda si se cierra el Estrecho de Ormuz? Impacto real en la econom\u00eda y la log\u00edstica global\",\"datePublished\":\"2026-03-31T14:17:51+00:00\",\"dateModified\":\"2026-03-31T14:27:27+00:00\",\"mainEntityOfPage\":{\"@id\":\"https:\\\/\\\/jpevlogistics.com\\\/que-pasaria-si-se-cierra-el-estrecho-de-ormuz-impacto-real-en-la-economia-y-la-logistica-global\\\/\"},\"wordCount\":517,\"commentCount\":0,\"publisher\":{\"@id\":\"https:\\\/\\\/jpevlogistics.com\\\/#organization\"},\"image\":{\"@id\":\"https:\\\/\\\/jpevlogistics.com\\\/que-pasaria-si-se-cierra-el-estrecho-de-ormuz-impacto-real-en-la-economia-y-la-logistica-global\\\/#primaryimage\"},\"thumbnailUrl\":\"https:\\\/\\\/jpevlogistics.com\\\/wp-content\\\/uploads\\\/2026\\\/03\\\/Ormuz.jpg\",\"articleSection\":[\"Sin categor\u00eda\"],\"inLanguage\":\"en-US\",\"potentialAction\":[{\"@type\":\"CommentAction\",\"name\":\"Comment\",\"target\":[\"https:\\\/\\\/jpevlogistics.com\\\/que-pasaria-si-se-cierra-el-estrecho-de-ormuz-impacto-real-en-la-economia-y-la-logistica-global\\\/#respond\"]}]},{\"@type\":\"WebPage\",\"@id\":\"https:\\\/\\\/jpevlogistics.com\\\/que-pasaria-si-se-cierra-el-estrecho-de-ormuz-impacto-real-en-la-economia-y-la-logistica-global\\\/\",\"url\":\"https:\\\/\\\/jpevlogistics.com\\\/que-pasaria-si-se-cierra-el-estrecho-de-ormuz-impacto-real-en-la-economia-y-la-logistica-global\\\/\",\"name\":\"\u00bfQu\u00e9 pasar\u00eda si se cierra el Estrecho de Ormuz? Impacto real en la econom\u00eda y la log\u00edstica global - JPEV Logistics\",\"isPartOf\":{\"@id\":\"https:\\\/\\\/jpevlogistics.com\\\/#website\"},\"primaryImageOfPage\":{\"@id\":\"https:\\\/\\\/jpevlogistics.com\\\/que-pasaria-si-se-cierra-el-estrecho-de-ormuz-impacto-real-en-la-economia-y-la-logistica-global\\\/#primaryimage\"},\"image\":{\"@id\":\"https:\\\/\\\/jpevlogistics.com\\\/que-pasaria-si-se-cierra-el-estrecho-de-ormuz-impacto-real-en-la-economia-y-la-logistica-global\\\/#primaryimage\"},\"thumbnailUrl\":\"https:\\\/\\\/jpevlogistics.com\\\/wp-content\\\/uploads\\\/2026\\\/03\\\/Ormuz.jpg\",\"datePublished\":\"2026-03-31T14:17:51+00:00\",\"dateModified\":\"2026-03-31T14:27:27+00:00\",\"breadcrumb\":{\"@id\":\"https:\\\/\\\/jpevlogistics.com\\\/que-pasaria-si-se-cierra-el-estrecho-de-ormuz-impacto-real-en-la-economia-y-la-logistica-global\\\/#breadcrumb\"},\"inLanguage\":\"en-US\",\"potentialAction\":[{\"@type\":\"ReadAction\",\"target\":[\"https:\\\/\\\/jpevlogistics.com\\\/que-pasaria-si-se-cierra-el-estrecho-de-ormuz-impacto-real-en-la-economia-y-la-logistica-global\\\/\"]}]},{\"@type\":\"ImageObject\",\"inLanguage\":\"en-US\",\"@id\":\"https:\\\/\\\/jpevlogistics.com\\\/que-pasaria-si-se-cierra-el-estrecho-de-ormuz-impacto-real-en-la-economia-y-la-logistica-global\\\/#primaryimage\",\"url\":\"https:\\\/\\\/jpevlogistics.com\\\/wp-content\\\/uploads\\\/2026\\\/03\\\/Ormuz.jpg\",\"contentUrl\":\"https:\\\/\\\/jpevlogistics.com\\\/wp-content\\\/uploads\\\/2026\\\/03\\\/Ormuz.jpg\",\"width\":1024,\"height\":576,\"caption\":\"Maritime traffic in the Strait of Hormuz\"},{\"@type\":\"BreadcrumbList\",\"@id\":\"https:\\\/\\\/jpevlogistics.com\\\/que-pasaria-si-se-cierra-el-estrecho-de-ormuz-impacto-real-en-la-economia-y-la-logistica-global\\\/#breadcrumb\",\"itemListElement\":[{\"@type\":\"ListItem\",\"position\":1,\"name\":\"Portada\",\"item\":\"https:\\\/\\\/jpevlogistics.com\\\/\"},{\"@type\":\"ListItem\",\"position\":2,\"name\":\"\u00bfQu\u00e9 pasar\u00eda si se cierra el Estrecho de Ormuz? Impacto real en la econom\u00eda y la log\u00edstica global\"}]},{\"@type\":\"WebSite\",\"@id\":\"https:\\\/\\\/jpevlogistics.com\\\/#website\",\"url\":\"https:\\\/\\\/jpevlogistics.com\\\/\",\"name\":\"JPEV Logistics\",\"description\":\"\",\"publisher\":{\"@id\":\"https:\\\/\\\/jpevlogistics.com\\\/#organization\"},\"potentialAction\":[{\"@type\":\"SearchAction\",\"target\":{\"@type\":\"EntryPoint\",\"urlTemplate\":\"https:\\\/\\\/jpevlogistics.com\\\/?s={search_term_string}\"},\"query-input\":{\"@type\":\"PropertyValueSpecification\",\"valueRequired\":true,\"valueName\":\"search_term_string\"}}],\"inLanguage\":\"en-US\"},{\"@type\":\"Organization\",\"@id\":\"https:\\\/\\\/jpevlogistics.com\\\/#organization\",\"name\":\"JPEV Logistics\",\"url\":\"https:\\\/\\\/jpevlogistics.com\\\/\",\"logo\":{\"@type\":\"ImageObject\",\"inLanguage\":\"en-US\",\"@id\":\"https:\\\/\\\/jpevlogistics.com\\\/#\\\/schema\\\/logo\\\/image\\\/\",\"url\":\"https:\\\/\\\/jpevlogistics.com\\\/wp-content\\\/uploads\\\/2020\\\/07\\\/logo.png\",\"contentUrl\":\"https:\\\/\\\/jpevlogistics.com\\\/wp-content\\\/uploads\\\/2020\\\/07\\\/logo.png\",\"width\":214,\"height\":81,\"caption\":\"JPEV Logistics\"},\"image\":{\"@id\":\"https:\\\/\\\/jpevlogistics.com\\\/#\\\/schema\\\/logo\\\/image\\\/\"},\"sameAs\":[\"https:\\\/\\\/www.instagram.com\\\/jpevlogistics\\\/\",\"https:\\\/\\\/www.linkedin.com\\\/company\\\/jpev-logistics\\\/\"]},{\"@type\":\"Person\",\"@id\":\"https:\\\/\\\/jpevlogistics.com\\\/#\\\/schema\\\/person\\\/5cb83ed90e4ad10651470058bc190e62\",\"name\":\"horacio\",\"image\":{\"@type\":\"ImageObject\",\"inLanguage\":\"en-US\",\"@id\":\"https:\\\/\\\/secure.gravatar.com\\\/avatar\\\/49ba85a39487c51406dba7224109c3b2296f15c3dd1931dd024e3f540b12ea7d?s=96&d=mm&r=g\",\"url\":\"https:\\\/\\\/secure.gravatar.com\\\/avatar\\\/49ba85a39487c51406dba7224109c3b2296f15c3dd1931dd024e3f540b12ea7d?s=96&d=mm&r=g\",\"contentUrl\":\"https:\\\/\\\/secure.gravatar.com\\\/avatar\\\/49ba85a39487c51406dba7224109c3b2296f15c3dd1931dd024e3f540b12ea7d?s=96&d=mm&r=g\",\"caption\":\"horacio\"},\"url\":\"https:\\\/\\\/jpevlogistics.com\\\/en\\\/author\\\/horacio\\\/\"}]}<\/script>\n<!-- \/ Yoast SEO plugin. -->","yoast_head_json":{"title":"\u00bfQu\u00e9 pasar\u00eda si se cierra el Estrecho de Ormuz? Impacto real en la econom\u00eda y la log\u00edstica global - JPEV Logistics","robots":{"index":"index","follow":"follow","max-snippet":"max-snippet:-1","max-image-preview":"max-image-preview:large","max-video-preview":"max-video-preview:-1"},"canonical":"https:\/\/jpevlogistics.com\/en\/que-pasaria-si-se-cierra-el-estrecho-de-ormuz-impacto-real-en-la-economia-y-la-logistica-global\/","og_locale":"en_US","og_type":"article","og_title":"\u00bfQu\u00e9 pasar\u00eda si se cierra el Estrecho de Ormuz? Impacto real en la econom\u00eda y la log\u00edstica global - JPEV Logistics","og_description":"31\/03\/2026 &#8211; Impacto real en la econom\u00eda de todos los dias El Estrecho de Ormuz es uno de los puntos m\u00e1s cr\u00edticos del comercio mundial. Por all\u00ed transita cerca del 20% del petr\u00f3leo que consume el planeta. Su eventual cierre, aunque sea temporal, tendr\u00eda consecuencias inmediatas y profundas que impactar\u00edan tanto en grandes industrias como [&hellip;]","og_url":"https:\/\/jpevlogistics.com\/en\/que-pasaria-si-se-cierra-el-estrecho-de-ormuz-impacto-real-en-la-economia-y-la-logistica-global\/","og_site_name":"JPEV Logistics","article_published_time":"2026-03-31T14:17:51+00:00","article_modified_time":"2026-03-31T14:27:27+00:00","og_image":[{"width":1024,"height":576,"url":"https:\/\/jpevlogistics.com\/wp-content\/uploads\/2026\/03\/Ormuz.jpg","type":"image\/jpeg"}],"author":"horacio","twitter_card":"summary_large_image","twitter_misc":{"Written by":"horacio","Est. reading time":"3 minutes"},"schema":{"@context":"https:\/\/schema.org","@graph":[{"@type":"Article","@id":"https:\/\/jpevlogistics.com\/que-pasaria-si-se-cierra-el-estrecho-de-ormuz-impacto-real-en-la-economia-y-la-logistica-global\/#article","isPartOf":{"@id":"https:\/\/jpevlogistics.com\/que-pasaria-si-se-cierra-el-estrecho-de-ormuz-impacto-real-en-la-economia-y-la-logistica-global\/"},"author":{"name":"horacio","@id":"https:\/\/jpevlogistics.com\/#\/schema\/person\/5cb83ed90e4ad10651470058bc190e62"},"headline":"\u00bfQu\u00e9 pasar\u00eda si se cierra el Estrecho de Ormuz? Impacto real en la econom\u00eda y la log\u00edstica global","datePublished":"2026-03-31T14:17:51+00:00","dateModified":"2026-03-31T14:27:27+00:00","mainEntityOfPage":{"@id":"https:\/\/jpevlogistics.com\/que-pasaria-si-se-cierra-el-estrecho-de-ormuz-impacto-real-en-la-economia-y-la-logistica-global\/"},"wordCount":517,"commentCount":0,"publisher":{"@id":"https:\/\/jpevlogistics.com\/#organization"},"image":{"@id":"https:\/\/jpevlogistics.com\/que-pasaria-si-se-cierra-el-estrecho-de-ormuz-impacto-real-en-la-economia-y-la-logistica-global\/#primaryimage"},"thumbnailUrl":"https:\/\/jpevlogistics.com\/wp-content\/uploads\/2026\/03\/Ormuz.jpg","articleSection":["Sin categor\u00eda"],"inLanguage":"en-US","potentialAction":[{"@type":"CommentAction","name":"Comment","target":["https:\/\/jpevlogistics.com\/que-pasaria-si-se-cierra-el-estrecho-de-ormuz-impacto-real-en-la-economia-y-la-logistica-global\/#respond"]}]},{"@type":"WebPage","@id":"https:\/\/jpevlogistics.com\/que-pasaria-si-se-cierra-el-estrecho-de-ormuz-impacto-real-en-la-economia-y-la-logistica-global\/","url":"https:\/\/jpevlogistics.com\/que-pasaria-si-se-cierra-el-estrecho-de-ormuz-impacto-real-en-la-economia-y-la-logistica-global\/","name":"\u00bfQu\u00e9 pasar\u00eda si se cierra el Estrecho de Ormuz? Impacto real en la econom\u00eda y la log\u00edstica global - JPEV Logistics","isPartOf":{"@id":"https:\/\/jpevlogistics.com\/#website"},"primaryImageOfPage":{"@id":"https:\/\/jpevlogistics.com\/que-pasaria-si-se-cierra-el-estrecho-de-ormuz-impacto-real-en-la-economia-y-la-logistica-global\/#primaryimage"},"image":{"@id":"https:\/\/jpevlogistics.com\/que-pasaria-si-se-cierra-el-estrecho-de-ormuz-impacto-real-en-la-economia-y-la-logistica-global\/#primaryimage"},"thumbnailUrl":"https:\/\/jpevlogistics.com\/wp-content\/uploads\/2026\/03\/Ormuz.jpg","datePublished":"2026-03-31T14:17:51+00:00","dateModified":"2026-03-31T14:27:27+00:00","breadcrumb":{"@id":"https:\/\/jpevlogistics.com\/que-pasaria-si-se-cierra-el-estrecho-de-ormuz-impacto-real-en-la-economia-y-la-logistica-global\/#breadcrumb"},"inLanguage":"en-US","potentialAction":[{"@type":"ReadAction","target":["https:\/\/jpevlogistics.com\/que-pasaria-si-se-cierra-el-estrecho-de-ormuz-impacto-real-en-la-economia-y-la-logistica-global\/"]}]},{"@type":"ImageObject","inLanguage":"en-US","@id":"https:\/\/jpevlogistics.com\/que-pasaria-si-se-cierra-el-estrecho-de-ormuz-impacto-real-en-la-economia-y-la-logistica-global\/#primaryimage","url":"https:\/\/jpevlogistics.com\/wp-content\/uploads\/2026\/03\/Ormuz.jpg","contentUrl":"https:\/\/jpevlogistics.com\/wp-content\/uploads\/2026\/03\/Ormuz.jpg","width":1024,"height":576,"caption":"Maritime traffic in the Strait of Hormuz"},{"@type":"BreadcrumbList","@id":"https:\/\/jpevlogistics.com\/que-pasaria-si-se-cierra-el-estrecho-de-ormuz-impacto-real-en-la-economia-y-la-logistica-global\/#breadcrumb","itemListElement":[{"@type":"ListItem","position":1,"name":"Portada","item":"https:\/\/jpevlogistics.com\/"},{"@type":"ListItem","position":2,"name":"\u00bfQu\u00e9 pasar\u00eda si se cierra el Estrecho de Ormuz? Impacto real en la econom\u00eda y la log\u00edstica global"}]},{"@type":"WebSite","@id":"https:\/\/jpevlogistics.com\/#website","url":"https:\/\/jpevlogistics.com\/","name":"JPEV Logistics","description":"","publisher":{"@id":"https:\/\/jpevlogistics.com\/#organization"},"potentialAction":[{"@type":"SearchAction","target":{"@type":"EntryPoint","urlTemplate":"https:\/\/jpevlogistics.com\/?s={search_term_string}"},"query-input":{"@type":"PropertyValueSpecification","valueRequired":true,"valueName":"search_term_string"}}],"inLanguage":"en-US"},{"@type":"Organization","@id":"https:\/\/jpevlogistics.com\/#organization","name":"JPEV Logistics","url":"https:\/\/jpevlogistics.com\/","logo":{"@type":"ImageObject","inLanguage":"en-US","@id":"https:\/\/jpevlogistics.com\/#\/schema\/logo\/image\/","url":"https:\/\/jpevlogistics.com\/wp-content\/uploads\/2020\/07\/logo.png","contentUrl":"https:\/\/jpevlogistics.com\/wp-content\/uploads\/2020\/07\/logo.png","width":214,"height":81,"caption":"JPEV Logistics"},"image":{"@id":"https:\/\/jpevlogistics.com\/#\/schema\/logo\/image\/"},"sameAs":["https:\/\/www.instagram.com\/jpevlogistics\/","https:\/\/www.linkedin.com\/company\/jpev-logistics\/"]},{"@type":"Person","@id":"https:\/\/jpevlogistics.com\/#\/schema\/person\/5cb83ed90e4ad10651470058bc190e62","name":"horacio","image":{"@type":"ImageObject","inLanguage":"en-US","@id":"https:\/\/secure.gravatar.com\/avatar\/49ba85a39487c51406dba7224109c3b2296f15c3dd1931dd024e3f540b12ea7d?s=96&d=mm&r=g","url":"https:\/\/secure.gravatar.com\/avatar\/49ba85a39487c51406dba7224109c3b2296f15c3dd1931dd024e3f540b12ea7d?s=96&d=mm&r=g","contentUrl":"https:\/\/secure.gravatar.com\/avatar\/49ba85a39487c51406dba7224109c3b2296f15c3dd1931dd024e3f540b12ea7d?s=96&d=mm&r=g","caption":"horacio"},"url":"https:\/\/jpevlogistics.com\/en\/author\/horacio\/"}]}},"_links":{"self":[{"href":"https:\/\/jpevlogistics.com\/en\/wp-json\/wp\/v2\/posts\/9891","targetHints":{"allow":["GET"]}}],"collection":[{"href":"https:\/\/jpevlogistics.com\/en\/wp-json\/wp\/v2\/posts"}],"about":[{"href":"https:\/\/jpevlogistics.com\/en\/wp-json\/wp\/v2\/types\/post"}],"author":[{"embeddable":true,"href":"https:\/\/jpevlogistics.com\/en\/wp-json\/wp\/v2\/users\/4"}],"replies":[{"embeddable":true,"href":"https:\/\/jpevlogistics.com\/en\/wp-json\/wp\/v2\/comments?post=9891"}],"version-history":[{"count":3,"href":"https:\/\/jpevlogistics.com\/en\/wp-json\/wp\/v2\/posts\/9891\/revisions"}],"predecessor-version":[{"id":9899,"href":"https:\/\/jpevlogistics.com\/en\/wp-json\/wp\/v2\/posts\/9891\/revisions\/9899"}],"wp:featuredmedia":[{"embeddable":true,"href":"https:\/\/jpevlogistics.com\/en\/wp-json\/wp\/v2\/media\/9894"}],"wp:attachment":[{"href":"https:\/\/jpevlogistics.com\/en\/wp-json\/wp\/v2\/media?parent=9891"}],"wp:term":[{"taxonomy":"category","embeddable":true,"href":"https:\/\/jpevlogistics.com\/en\/wp-json\/wp\/v2\/categories?post=9891"},{"taxonomy":"post_tag","embeddable":true,"href":"https:\/\/jpevlogistics.com\/en\/wp-json\/wp\/v2\/tags?post=9891"}],"curies":[{"name":"wp","href":"https:\/\/api.w.org\/{rel}","templated":true}]}}