{"id":9900,"date":"2026-03-31T14:37:41","date_gmt":"2026-03-31T14:37:41","guid":{"rendered":"https:\/\/jpevlogistics.com\/?p=9900"},"modified":"2026-03-31T14:37:42","modified_gmt":"2026-03-31T14:37:42","slug":"guerra-en-medio-oriente-aun-no-desata-alza-de-las-tarifas-spot-del-sector-portacontenedor-a-nivel-globalincluso","status":"publish","type":"post","link":"https:\/\/jpevlogistics.com\/en\/guerra-en-medio-oriente-aun-no-desata-alza-de-las-tarifas-spot-del-sector-portacontenedor-a-nivel-globalincluso\/","title":{"rendered":"Guerra en Medio Oriente a\u00fan no desata alza de las tarifas spot del sector portacontenedor a nivel globalIncluso."},"content":{"rendered":"\n<p>31\/03\/2026 &#8211; se detecta cierto rechazo a la idea de que el cierre del Estrecho de Ormuz impulse las tarifas en rutas alejadas<\/p>\n\n\n\n<p>Pese a la gravedad del conflicto en Medio Oriente y al cierre efectivo del Estrecho de Ormuz, las&nbsp;<strong>tarifas&nbsp;<em>spot<\/em><\/strong><em>&nbsp;<\/em>del transporte mar\u00edtimo de contenedores a\u00fan no registran un alza generalizada a nivel global, aunque comienzan a mostrar una leve tendencia ascendente y crecientes presiones de costos.<\/p>\n\n\n\n<figure class=\"wp-block-image size-full\"><img fetchpriority=\"high\" decoding=\"async\" width=\"798\" height=\"598\" src=\"https:\/\/jpevlogistics.com\/wp-content\/uploads\/2026\/03\/Ornuz.jpg\" alt=\"\" class=\"wp-image-9901\" srcset=\"https:\/\/jpevlogistics.com\/wp-content\/uploads\/2026\/03\/Ornuz.jpg 798w, https:\/\/jpevlogistics.com\/wp-content\/uploads\/2026\/03\/Ornuz-300x225.jpg 300w, https:\/\/jpevlogistics.com\/wp-content\/uploads\/2026\/03\/Ornuz-768x576.jpg 768w, https:\/\/jpevlogistics.com\/wp-content\/uploads\/2026\/03\/Ornuz-16x12.jpg 16w\" sizes=\"(max-width: 798px) 100vw, 798px\" \/><\/figure>\n\n\n\n<p>De hecho, el impacto inicial ha sido moderado fuera del Golfo P\u00e9rsico.&nbsp;<em>Freightos<\/em>&nbsp;indica que las tarifas en la ruta Transpac\u00edfico aumentaron levemente, con alzas de 3% hacia la Costa Oeste de EE.UU. (USWC) y 4% hacia la Costa Este (USEC), mientras que las rutas Asia\u2013Europa se mantuvieron estables. Sin embargo, advierte que \u201clas tarifas podr\u00edan subir en todo el mercado por los recargos de combustible y otros aumentos previstos para inicios de abril\u201d.<\/p>\n\n\n\n<p>Por su parte, el World Container Index (WCI) de&nbsp;<em>Drewry<\/em>&nbsp;reporta un aumento semanal de 5%, acumulando cuatro semanas consecutivas al alza. En la ruta Asia\u2013Europa, las tarifas&nbsp;<em>spot&nbsp;<\/em>registraron incrementos significativos, como el alza de 12% en la ruta Shangh\u00e1i\u2013G\u00e9nova, reflejando el impacto directo de las tensiones en Medio Oriente. En la ruta Transpac\u00edfico, los aumentos han sido m\u00e1s moderados, aunque con perspectivas de nuevas alzas.<\/p>\n\n\n\n<p>No obstante, comienzan a surgir se\u00f1ales de resistencia del mercado.<em>&nbsp;Freightos&nbsp;<\/em>advierte sobre \u201ccierto rechazo a que el cierre del Estrecho de Ormuz impulse excesivamente las tarifas en rutas no afectadas\u201d, mientras autoridades como la Comisi\u00f3n Mar\u00edtima Federal (FMC) de EE.UU. han rechazado solicitudes para acelerar la implementaci\u00f3n de recargos sin evidencia suficiente de costos.<\/p>\n\n\n\n<p>En este contexto, el comportamiento de las tarifas en las pr\u00f3ximas semanas depender\u00e1 tanto de la evoluci\u00f3n del conflicto como de la capacidad de las navieras para imponer aumentos en un escenario de demanda estacionalmente d\u00e9bil.<\/p>\n\n\n\n<p><strong>Incremento del Bunker<\/strong><\/p>\n\n\n\n<p>Los efectos de la guerra en el Golfo P\u00e9rsico en el sector portacontenedor a nivel global, m\u00e1s bien se han producido a causa del fuerte incremento en los&nbsp;<strong>costos del bunker<\/strong>.&nbsp;<em>BIMCO&nbsp;<\/em>reporta que \u201clos precios del combustible marino se han disparado y la oferta se est\u00e1 ajustando\u201d, especialmente al este de Suez.&nbsp;<em>Drewry<\/em>&nbsp;coincide en que las disrupciones en Ormuz \u2014ruta clave para cerca del 20% del petr\u00f3leo mundial\u2014 han tensionado la disponibilidad del&nbsp;<em>fuel oil<\/em>, particularmente en&nbsp;<em>hubs&nbsp;<\/em>como Singapur y China.<\/p>\n\n\n\n<p>Frente a este escenario, las l\u00edneas navieras han activado diversas contramedidas. Por un lado, han implementado&nbsp;<strong>recargos de emergencia por combustible<\/strong>&nbsp;para recuperar costos. Freightos indica que estos recargos fluct\u00faan entre US$200 y US$500 por FEU. Por otro, los operadores est\u00e1n adoptando medidas operativas como \u201c<em>slow steaming&nbsp;<\/em>[navegaci\u00f3n lenta], estrategias alternativas de abastecimiento y recargos de emergencia\u201d, seg\u00fan<em>&nbsp;Drewry<\/em>, con el objetivo de contener el impacto. Sin embargo,&nbsp;<em>BIMCO&nbsp;<\/em>advierte que \u201cuna escasez prolongada podr\u00eda afectar significativamente la capacidad de las navieras para mantener servicios normales\u201d.<\/p>\n\n\n\n<p>El contexto se complejiza a\u00fan m\u00e1s por la incertidumbre en la&nbsp;<strong>pol\u00edtica comercial de Estados Unidos<\/strong>. En este plano, destaca que el fallo de la Corte Suprema que impide a la administraci\u00f3n estadounidense la aplicaci\u00f3n de aranceles amplios bajo poderes de emergencia, obligando a reconfigurar la estrategia comercial impulsada por la administraci\u00f3n de Donal Trump. En respuesta, \u00e9sta implement\u00f3 un arancel del 15% a las importaciones, aunque de car\u00e1cter temporal, mientras se avanza en nuevas medidas basadas en investigaciones por pr\u00e1cticas desleales y de seguridad nacional.<\/p>\n\n\n\n<p>Este entorno genera cautela en la econom\u00eda estadounidense. \u201cLa incertidumbre est\u00e1 llevando a muchas compa\u00f1\u00edas a adoptar una postura de espera, lo que podr\u00eda afectar negativamente la inversi\u00f3n y el empleo\u201d, apunta BIMCO. A nivel global, este desarrollo junto con el conflicto en Ir\u00e1n y la volatilidad comercial elevan el riesgo de menor crecimiento, especialmente en econom\u00edas importadoras de petr\u00f3leo.<\/p>\n\n\n\n<p><strong>Situaci\u00f3n en el Golfo y el Mar Rojo<\/strong><\/p>\n\n\n\n<p>Seg\u00fan&nbsp;<em>BIMCO<\/em>, tras los ataques de Estados Unidos e Israel a Ir\u00e1n iniciados el 28 de febrero, el&nbsp;<strong>Estrecho de Ormuz<\/strong>&nbsp;\u201cha quedado efectivamente cerrado y todo el comercio mar\u00edtimo con el Golfo P\u00e9rsico se ha detenido\u201d. Esta interrupci\u00f3n impacta a una zona que normalmente concentra cerca del 3% de los vol\u00famenes globales de contenedores y alrededor del 5% de la demanda de buques, con unos 130 portacontenedores \u2014equivalentes a casi el 1,5% de la capacidad mundial\u2014 actualmente varados en la regi\u00f3n.<\/p>\n\n\n\n<p>El cierre no solo afecta directamente al \u00e1rea del Golfo P\u00e9rsico, sino que tambi\u00e9n incrementa los riesgos en rutas adyacentes.&nbsp;<em>BIMCO<\/em>&nbsp;advierte que \u201cel riesgo percibido de transitar por el&nbsp;<strong>Mar Rojo<\/strong>&nbsp;ha aumentado\u201d, lo que ha llevado a las l\u00edneas navieras a revertir decisiones de retorno al Canal de Suez, retrasando la normalizaci\u00f3n de las redes.<\/p>\n\n\n\n<p>De este modo, la duraci\u00f3n del conflicto aparece como un factor cr\u00edtico: \u201cmientras m\u00e1s tiempo permanezca cerrado el Estrecho de Ormuz, m\u00e1s se acercar\u00e1 el crecimiento de la oferta y la demanda a los escenarios m\u00e1s bajos\u201d.<\/p>\n\n\n\n<p>jpevlogistics.com<\/p>\n","protected":false},"excerpt":{"rendered":"<p>31\/03\/2026 &#8211; se detecta cierto rechazo a la idea de que el cierre del Estrecho de Ormuz impulse las tarifas en rutas alejadas Pese a la gravedad del conflicto en Medio Oriente y al cierre efectivo del Estrecho de Ormuz, las&nbsp;tarifas&nbsp;spot&nbsp;del transporte mar\u00edtimo de contenedores a\u00fan no registran un alza generalizada a nivel global, aunque [&hellip;]<\/p>\n","protected":false},"author":4,"featured_media":9901,"comment_status":"open","ping_status":"open","sticky":false,"template":"","format":"standard","meta":{"footnotes":""},"categories":[1],"tags":[],"class_list":["post-9900","post","type-post","status-publish","format-standard","has-post-thumbnail","hentry","category-sin-categoria"],"yoast_head":"<!-- This site is optimized with the Yoast SEO plugin v27.4 - https:\/\/yoast.com\/product\/yoast-seo-wordpress\/ -->\n<title>Guerra en Medio Oriente a\u00fan no desata alza de las tarifas spot del sector portacontenedor a nivel globalIncluso. - JPEV Logistics<\/title>\n<meta name=\"robots\" content=\"index, follow, max-snippet:-1, max-image-preview:large, max-video-preview:-1\" \/>\n<link rel=\"canonical\" href=\"https:\/\/jpevlogistics.com\/en\/guerra-en-medio-oriente-aun-no-desata-alza-de-las-tarifas-spot-del-sector-portacontenedor-a-nivel-globalincluso\/\" \/>\n<meta property=\"og:locale\" content=\"en_US\" \/>\n<meta property=\"og:type\" content=\"article\" \/>\n<meta property=\"og:title\" content=\"Guerra en Medio Oriente a\u00fan no desata alza de las tarifas spot del sector portacontenedor a nivel globalIncluso. - JPEV Logistics\" \/>\n<meta property=\"og:description\" content=\"31\/03\/2026 &#8211; se detecta cierto rechazo a la idea de que el cierre del Estrecho de Ormuz impulse las tarifas en rutas alejadas Pese a la gravedad del conflicto en Medio Oriente y al cierre efectivo del Estrecho de Ormuz, las&nbsp;tarifas&nbsp;spot&nbsp;del transporte mar\u00edtimo de contenedores a\u00fan no registran un alza generalizada a nivel global, aunque [&hellip;]\" \/>\n<meta property=\"og:url\" content=\"https:\/\/jpevlogistics.com\/en\/guerra-en-medio-oriente-aun-no-desata-alza-de-las-tarifas-spot-del-sector-portacontenedor-a-nivel-globalincluso\/\" \/>\n<meta property=\"og:site_name\" content=\"JPEV Logistics\" \/>\n<meta property=\"article:published_time\" content=\"2026-03-31T14:37:41+00:00\" \/>\n<meta property=\"article:modified_time\" content=\"2026-03-31T14:37:42+00:00\" \/>\n<meta property=\"og:image\" content=\"https:\/\/jpevlogistics.com\/wp-content\/uploads\/2026\/03\/Ornuz.jpg\" \/>\n\t<meta property=\"og:image:width\" content=\"798\" \/>\n\t<meta property=\"og:image:height\" content=\"598\" \/>\n\t<meta property=\"og:image:type\" content=\"image\/jpeg\" \/>\n<meta name=\"author\" content=\"horacio\" \/>\n<meta name=\"twitter:card\" content=\"summary_large_image\" \/>\n<meta name=\"twitter:label1\" content=\"Written by\" \/>\n\t<meta name=\"twitter:data1\" content=\"horacio\" \/>\n\t<meta name=\"twitter:label2\" content=\"Est. reading time\" \/>\n\t<meta name=\"twitter:data2\" content=\"5 minutes\" \/>\n<script type=\"application\/ld+json\" class=\"yoast-schema-graph\">{\"@context\":\"https:\\\/\\\/schema.org\",\"@graph\":[{\"@type\":\"Article\",\"@id\":\"https:\\\/\\\/jpevlogistics.com\\\/guerra-en-medio-oriente-aun-no-desata-alza-de-las-tarifas-spot-del-sector-portacontenedor-a-nivel-globalincluso\\\/#article\",\"isPartOf\":{\"@id\":\"https:\\\/\\\/jpevlogistics.com\\\/guerra-en-medio-oriente-aun-no-desata-alza-de-las-tarifas-spot-del-sector-portacontenedor-a-nivel-globalincluso\\\/\"},\"author\":{\"name\":\"horacio\",\"@id\":\"https:\\\/\\\/jpevlogistics.com\\\/#\\\/schema\\\/person\\\/5cb83ed90e4ad10651470058bc190e62\"},\"headline\":\"Guerra en Medio Oriente a\u00fan no desata alza de las tarifas spot del sector portacontenedor a nivel globalIncluso.\",\"datePublished\":\"2026-03-31T14:37:41+00:00\",\"dateModified\":\"2026-03-31T14:37:42+00:00\",\"mainEntityOfPage\":{\"@id\":\"https:\\\/\\\/jpevlogistics.com\\\/guerra-en-medio-oriente-aun-no-desata-alza-de-las-tarifas-spot-del-sector-portacontenedor-a-nivel-globalincluso\\\/\"},\"wordCount\":909,\"commentCount\":0,\"publisher\":{\"@id\":\"https:\\\/\\\/jpevlogistics.com\\\/#organization\"},\"image\":{\"@id\":\"https:\\\/\\\/jpevlogistics.com\\\/guerra-en-medio-oriente-aun-no-desata-alza-de-las-tarifas-spot-del-sector-portacontenedor-a-nivel-globalincluso\\\/#primaryimage\"},\"thumbnailUrl\":\"https:\\\/\\\/jpevlogistics.com\\\/wp-content\\\/uploads\\\/2026\\\/03\\\/Ornuz.jpg\",\"articleSection\":[\"Sin categor\u00eda\"],\"inLanguage\":\"en-US\",\"potentialAction\":[{\"@type\":\"CommentAction\",\"name\":\"Comment\",\"target\":[\"https:\\\/\\\/jpevlogistics.com\\\/guerra-en-medio-oriente-aun-no-desata-alza-de-las-tarifas-spot-del-sector-portacontenedor-a-nivel-globalincluso\\\/#respond\"]}]},{\"@type\":\"WebPage\",\"@id\":\"https:\\\/\\\/jpevlogistics.com\\\/guerra-en-medio-oriente-aun-no-desata-alza-de-las-tarifas-spot-del-sector-portacontenedor-a-nivel-globalincluso\\\/\",\"url\":\"https:\\\/\\\/jpevlogistics.com\\\/guerra-en-medio-oriente-aun-no-desata-alza-de-las-tarifas-spot-del-sector-portacontenedor-a-nivel-globalincluso\\\/\",\"name\":\"Guerra en Medio Oriente a\u00fan no desata alza de las tarifas spot del sector portacontenedor a nivel globalIncluso. - JPEV Logistics\",\"isPartOf\":{\"@id\":\"https:\\\/\\\/jpevlogistics.com\\\/#website\"},\"primaryImageOfPage\":{\"@id\":\"https:\\\/\\\/jpevlogistics.com\\\/guerra-en-medio-oriente-aun-no-desata-alza-de-las-tarifas-spot-del-sector-portacontenedor-a-nivel-globalincluso\\\/#primaryimage\"},\"image\":{\"@id\":\"https:\\\/\\\/jpevlogistics.com\\\/guerra-en-medio-oriente-aun-no-desata-alza-de-las-tarifas-spot-del-sector-portacontenedor-a-nivel-globalincluso\\\/#primaryimage\"},\"thumbnailUrl\":\"https:\\\/\\\/jpevlogistics.com\\\/wp-content\\\/uploads\\\/2026\\\/03\\\/Ornuz.jpg\",\"datePublished\":\"2026-03-31T14:37:41+00:00\",\"dateModified\":\"2026-03-31T14:37:42+00:00\",\"breadcrumb\":{\"@id\":\"https:\\\/\\\/jpevlogistics.com\\\/guerra-en-medio-oriente-aun-no-desata-alza-de-las-tarifas-spot-del-sector-portacontenedor-a-nivel-globalincluso\\\/#breadcrumb\"},\"inLanguage\":\"en-US\",\"potentialAction\":[{\"@type\":\"ReadAction\",\"target\":[\"https:\\\/\\\/jpevlogistics.com\\\/guerra-en-medio-oriente-aun-no-desata-alza-de-las-tarifas-spot-del-sector-portacontenedor-a-nivel-globalincluso\\\/\"]}]},{\"@type\":\"ImageObject\",\"inLanguage\":\"en-US\",\"@id\":\"https:\\\/\\\/jpevlogistics.com\\\/guerra-en-medio-oriente-aun-no-desata-alza-de-las-tarifas-spot-del-sector-portacontenedor-a-nivel-globalincluso\\\/#primaryimage\",\"url\":\"https:\\\/\\\/jpevlogistics.com\\\/wp-content\\\/uploads\\\/2026\\\/03\\\/Ornuz.jpg\",\"contentUrl\":\"https:\\\/\\\/jpevlogistics.com\\\/wp-content\\\/uploads\\\/2026\\\/03\\\/Ornuz.jpg\",\"width\":798,\"height\":598},{\"@type\":\"BreadcrumbList\",\"@id\":\"https:\\\/\\\/jpevlogistics.com\\\/guerra-en-medio-oriente-aun-no-desata-alza-de-las-tarifas-spot-del-sector-portacontenedor-a-nivel-globalincluso\\\/#breadcrumb\",\"itemListElement\":[{\"@type\":\"ListItem\",\"position\":1,\"name\":\"Portada\",\"item\":\"https:\\\/\\\/jpevlogistics.com\\\/\"},{\"@type\":\"ListItem\",\"position\":2,\"name\":\"Guerra en Medio Oriente a\u00fan no desata alza de las tarifas spot del sector portacontenedor a nivel globalIncluso.\"}]},{\"@type\":\"WebSite\",\"@id\":\"https:\\\/\\\/jpevlogistics.com\\\/#website\",\"url\":\"https:\\\/\\\/jpevlogistics.com\\\/\",\"name\":\"JPEV Logistics\",\"description\":\"\",\"publisher\":{\"@id\":\"https:\\\/\\\/jpevlogistics.com\\\/#organization\"},\"potentialAction\":[{\"@type\":\"SearchAction\",\"target\":{\"@type\":\"EntryPoint\",\"urlTemplate\":\"https:\\\/\\\/jpevlogistics.com\\\/?s={search_term_string}\"},\"query-input\":{\"@type\":\"PropertyValueSpecification\",\"valueRequired\":true,\"valueName\":\"search_term_string\"}}],\"inLanguage\":\"en-US\"},{\"@type\":\"Organization\",\"@id\":\"https:\\\/\\\/jpevlogistics.com\\\/#organization\",\"name\":\"JPEV Logistics\",\"url\":\"https:\\\/\\\/jpevlogistics.com\\\/\",\"logo\":{\"@type\":\"ImageObject\",\"inLanguage\":\"en-US\",\"@id\":\"https:\\\/\\\/jpevlogistics.com\\\/#\\\/schema\\\/logo\\\/image\\\/\",\"url\":\"https:\\\/\\\/jpevlogistics.com\\\/wp-content\\\/uploads\\\/2020\\\/07\\\/logo.png\",\"contentUrl\":\"https:\\\/\\\/jpevlogistics.com\\\/wp-content\\\/uploads\\\/2020\\\/07\\\/logo.png\",\"width\":214,\"height\":81,\"caption\":\"JPEV Logistics\"},\"image\":{\"@id\":\"https:\\\/\\\/jpevlogistics.com\\\/#\\\/schema\\\/logo\\\/image\\\/\"},\"sameAs\":[\"https:\\\/\\\/www.instagram.com\\\/jpevlogistics\\\/\",\"https:\\\/\\\/www.linkedin.com\\\/company\\\/jpev-logistics\\\/\"]},{\"@type\":\"Person\",\"@id\":\"https:\\\/\\\/jpevlogistics.com\\\/#\\\/schema\\\/person\\\/5cb83ed90e4ad10651470058bc190e62\",\"name\":\"horacio\",\"image\":{\"@type\":\"ImageObject\",\"inLanguage\":\"en-US\",\"@id\":\"https:\\\/\\\/secure.gravatar.com\\\/avatar\\\/49ba85a39487c51406dba7224109c3b2296f15c3dd1931dd024e3f540b12ea7d?s=96&d=mm&r=g\",\"url\":\"https:\\\/\\\/secure.gravatar.com\\\/avatar\\\/49ba85a39487c51406dba7224109c3b2296f15c3dd1931dd024e3f540b12ea7d?s=96&d=mm&r=g\",\"contentUrl\":\"https:\\\/\\\/secure.gravatar.com\\\/avatar\\\/49ba85a39487c51406dba7224109c3b2296f15c3dd1931dd024e3f540b12ea7d?s=96&d=mm&r=g\",\"caption\":\"horacio\"},\"url\":\"https:\\\/\\\/jpevlogistics.com\\\/en\\\/author\\\/horacio\\\/\"}]}<\/script>\n<!-- \/ Yoast SEO plugin. -->","yoast_head_json":{"title":"Guerra en Medio Oriente a\u00fan no desata alza de las tarifas spot del sector portacontenedor a nivel globalIncluso. - JPEV Logistics","robots":{"index":"index","follow":"follow","max-snippet":"max-snippet:-1","max-image-preview":"max-image-preview:large","max-video-preview":"max-video-preview:-1"},"canonical":"https:\/\/jpevlogistics.com\/en\/guerra-en-medio-oriente-aun-no-desata-alza-de-las-tarifas-spot-del-sector-portacontenedor-a-nivel-globalincluso\/","og_locale":"en_US","og_type":"article","og_title":"Guerra en Medio Oriente a\u00fan no desata alza de las tarifas spot del sector portacontenedor a nivel globalIncluso. - JPEV Logistics","og_description":"31\/03\/2026 &#8211; se detecta cierto rechazo a la idea de que el cierre del Estrecho de Ormuz impulse las tarifas en rutas alejadas Pese a la gravedad del conflicto en Medio Oriente y al cierre efectivo del Estrecho de Ormuz, las&nbsp;tarifas&nbsp;spot&nbsp;del transporte mar\u00edtimo de contenedores a\u00fan no registran un alza generalizada a nivel global, aunque [&hellip;]","og_url":"https:\/\/jpevlogistics.com\/en\/guerra-en-medio-oriente-aun-no-desata-alza-de-las-tarifas-spot-del-sector-portacontenedor-a-nivel-globalincluso\/","og_site_name":"JPEV Logistics","article_published_time":"2026-03-31T14:37:41+00:00","article_modified_time":"2026-03-31T14:37:42+00:00","og_image":[{"width":798,"height":598,"url":"https:\/\/jpevlogistics.com\/wp-content\/uploads\/2026\/03\/Ornuz.jpg","type":"image\/jpeg"}],"author":"horacio","twitter_card":"summary_large_image","twitter_misc":{"Written by":"horacio","Est. reading time":"5 minutes"},"schema":{"@context":"https:\/\/schema.org","@graph":[{"@type":"Article","@id":"https:\/\/jpevlogistics.com\/guerra-en-medio-oriente-aun-no-desata-alza-de-las-tarifas-spot-del-sector-portacontenedor-a-nivel-globalincluso\/#article","isPartOf":{"@id":"https:\/\/jpevlogistics.com\/guerra-en-medio-oriente-aun-no-desata-alza-de-las-tarifas-spot-del-sector-portacontenedor-a-nivel-globalincluso\/"},"author":{"name":"horacio","@id":"https:\/\/jpevlogistics.com\/#\/schema\/person\/5cb83ed90e4ad10651470058bc190e62"},"headline":"Guerra en Medio Oriente a\u00fan no desata alza de las tarifas spot del sector portacontenedor a nivel globalIncluso.","datePublished":"2026-03-31T14:37:41+00:00","dateModified":"2026-03-31T14:37:42+00:00","mainEntityOfPage":{"@id":"https:\/\/jpevlogistics.com\/guerra-en-medio-oriente-aun-no-desata-alza-de-las-tarifas-spot-del-sector-portacontenedor-a-nivel-globalincluso\/"},"wordCount":909,"commentCount":0,"publisher":{"@id":"https:\/\/jpevlogistics.com\/#organization"},"image":{"@id":"https:\/\/jpevlogistics.com\/guerra-en-medio-oriente-aun-no-desata-alza-de-las-tarifas-spot-del-sector-portacontenedor-a-nivel-globalincluso\/#primaryimage"},"thumbnailUrl":"https:\/\/jpevlogistics.com\/wp-content\/uploads\/2026\/03\/Ornuz.jpg","articleSection":["Sin categor\u00eda"],"inLanguage":"en-US","potentialAction":[{"@type":"CommentAction","name":"Comment","target":["https:\/\/jpevlogistics.com\/guerra-en-medio-oriente-aun-no-desata-alza-de-las-tarifas-spot-del-sector-portacontenedor-a-nivel-globalincluso\/#respond"]}]},{"@type":"WebPage","@id":"https:\/\/jpevlogistics.com\/guerra-en-medio-oriente-aun-no-desata-alza-de-las-tarifas-spot-del-sector-portacontenedor-a-nivel-globalincluso\/","url":"https:\/\/jpevlogistics.com\/guerra-en-medio-oriente-aun-no-desata-alza-de-las-tarifas-spot-del-sector-portacontenedor-a-nivel-globalincluso\/","name":"Guerra en Medio Oriente a\u00fan no desata alza de las tarifas spot del sector portacontenedor a nivel globalIncluso. - JPEV Logistics","isPartOf":{"@id":"https:\/\/jpevlogistics.com\/#website"},"primaryImageOfPage":{"@id":"https:\/\/jpevlogistics.com\/guerra-en-medio-oriente-aun-no-desata-alza-de-las-tarifas-spot-del-sector-portacontenedor-a-nivel-globalincluso\/#primaryimage"},"image":{"@id":"https:\/\/jpevlogistics.com\/guerra-en-medio-oriente-aun-no-desata-alza-de-las-tarifas-spot-del-sector-portacontenedor-a-nivel-globalincluso\/#primaryimage"},"thumbnailUrl":"https:\/\/jpevlogistics.com\/wp-content\/uploads\/2026\/03\/Ornuz.jpg","datePublished":"2026-03-31T14:37:41+00:00","dateModified":"2026-03-31T14:37:42+00:00","breadcrumb":{"@id":"https:\/\/jpevlogistics.com\/guerra-en-medio-oriente-aun-no-desata-alza-de-las-tarifas-spot-del-sector-portacontenedor-a-nivel-globalincluso\/#breadcrumb"},"inLanguage":"en-US","potentialAction":[{"@type":"ReadAction","target":["https:\/\/jpevlogistics.com\/guerra-en-medio-oriente-aun-no-desata-alza-de-las-tarifas-spot-del-sector-portacontenedor-a-nivel-globalincluso\/"]}]},{"@type":"ImageObject","inLanguage":"en-US","@id":"https:\/\/jpevlogistics.com\/guerra-en-medio-oriente-aun-no-desata-alza-de-las-tarifas-spot-del-sector-portacontenedor-a-nivel-globalincluso\/#primaryimage","url":"https:\/\/jpevlogistics.com\/wp-content\/uploads\/2026\/03\/Ornuz.jpg","contentUrl":"https:\/\/jpevlogistics.com\/wp-content\/uploads\/2026\/03\/Ornuz.jpg","width":798,"height":598},{"@type":"BreadcrumbList","@id":"https:\/\/jpevlogistics.com\/guerra-en-medio-oriente-aun-no-desata-alza-de-las-tarifas-spot-del-sector-portacontenedor-a-nivel-globalincluso\/#breadcrumb","itemListElement":[{"@type":"ListItem","position":1,"name":"Portada","item":"https:\/\/jpevlogistics.com\/"},{"@type":"ListItem","position":2,"name":"Guerra en Medio Oriente a\u00fan no desata alza de las tarifas spot del sector portacontenedor a nivel globalIncluso."}]},{"@type":"WebSite","@id":"https:\/\/jpevlogistics.com\/#website","url":"https:\/\/jpevlogistics.com\/","name":"JPEV Logistics","description":"","publisher":{"@id":"https:\/\/jpevlogistics.com\/#organization"},"potentialAction":[{"@type":"SearchAction","target":{"@type":"EntryPoint","urlTemplate":"https:\/\/jpevlogistics.com\/?s={search_term_string}"},"query-input":{"@type":"PropertyValueSpecification","valueRequired":true,"valueName":"search_term_string"}}],"inLanguage":"en-US"},{"@type":"Organization","@id":"https:\/\/jpevlogistics.com\/#organization","name":"JPEV Logistics","url":"https:\/\/jpevlogistics.com\/","logo":{"@type":"ImageObject","inLanguage":"en-US","@id":"https:\/\/jpevlogistics.com\/#\/schema\/logo\/image\/","url":"https:\/\/jpevlogistics.com\/wp-content\/uploads\/2020\/07\/logo.png","contentUrl":"https:\/\/jpevlogistics.com\/wp-content\/uploads\/2020\/07\/logo.png","width":214,"height":81,"caption":"JPEV Logistics"},"image":{"@id":"https:\/\/jpevlogistics.com\/#\/schema\/logo\/image\/"},"sameAs":["https:\/\/www.instagram.com\/jpevlogistics\/","https:\/\/www.linkedin.com\/company\/jpev-logistics\/"]},{"@type":"Person","@id":"https:\/\/jpevlogistics.com\/#\/schema\/person\/5cb83ed90e4ad10651470058bc190e62","name":"horacio","image":{"@type":"ImageObject","inLanguage":"en-US","@id":"https:\/\/secure.gravatar.com\/avatar\/49ba85a39487c51406dba7224109c3b2296f15c3dd1931dd024e3f540b12ea7d?s=96&d=mm&r=g","url":"https:\/\/secure.gravatar.com\/avatar\/49ba85a39487c51406dba7224109c3b2296f15c3dd1931dd024e3f540b12ea7d?s=96&d=mm&r=g","contentUrl":"https:\/\/secure.gravatar.com\/avatar\/49ba85a39487c51406dba7224109c3b2296f15c3dd1931dd024e3f540b12ea7d?s=96&d=mm&r=g","caption":"horacio"},"url":"https:\/\/jpevlogistics.com\/en\/author\/horacio\/"}]}},"_links":{"self":[{"href":"https:\/\/jpevlogistics.com\/en\/wp-json\/wp\/v2\/posts\/9900","targetHints":{"allow":["GET"]}}],"collection":[{"href":"https:\/\/jpevlogistics.com\/en\/wp-json\/wp\/v2\/posts"}],"about":[{"href":"https:\/\/jpevlogistics.com\/en\/wp-json\/wp\/v2\/types\/post"}],"author":[{"embeddable":true,"href":"https:\/\/jpevlogistics.com\/en\/wp-json\/wp\/v2\/users\/4"}],"replies":[{"embeddable":true,"href":"https:\/\/jpevlogistics.com\/en\/wp-json\/wp\/v2\/comments?post=9900"}],"version-history":[{"count":1,"href":"https:\/\/jpevlogistics.com\/en\/wp-json\/wp\/v2\/posts\/9900\/revisions"}],"predecessor-version":[{"id":9902,"href":"https:\/\/jpevlogistics.com\/en\/wp-json\/wp\/v2\/posts\/9900\/revisions\/9902"}],"wp:featuredmedia":[{"embeddable":true,"href":"https:\/\/jpevlogistics.com\/en\/wp-json\/wp\/v2\/media\/9901"}],"wp:attachment":[{"href":"https:\/\/jpevlogistics.com\/en\/wp-json\/wp\/v2\/media?parent=9900"}],"wp:term":[{"taxonomy":"category","embeddable":true,"href":"https:\/\/jpevlogistics.com\/en\/wp-json\/wp\/v2\/categories?post=9900"},{"taxonomy":"post_tag","embeddable":true,"href":"https:\/\/jpevlogistics.com\/en\/wp-json\/wp\/v2\/tags?post=9900"}],"curies":[{"name":"wp","href":"https:\/\/api.w.org\/{rel}","templated":true}]}}